{"id":13520,"date":"2024-12-22T23:57:14","date_gmt":"2024-12-22T23:57:14","guid":{"rendered":"https:\/\/cnj.cl\/colegio\/?p=13520"},"modified":"2024-12-22T23:57:14","modified_gmt":"2024-12-22T23:57:14","slug":"gira-de-estudios-sur-de-chile-puerto-montt-y-chiloe","status":"publish","type":"post","link":"https:\/\/cnj.cl\/colegio\/2024\/12\/22\/gira-de-estudios-sur-de-chile-puerto-montt-y-chiloe\/","title":{"rendered":"GIRA DE ESTUDIOS SUR DE CHILE PUERTO MONTT y CHILO\u00c9"},"content":{"rendered":"<p style=\"text-align: justify;\">Entre el 10 al 12 de diciembre 24 estudiantes seleccionados de segundo ciclo realizaron un viaje al sur de Chile, como culminaci\u00f3n del proyecto <strong>\u201cRecorriendo Puerto Montt e Iglesias de Chilo\u00e9\u201d <\/strong>organizado por los profesores<strong> Sr. Samuel Andr\u00e9s Parra Mu\u00f1oz y Sr. Renato Andr\u00e9s Bustos Pardo.<\/strong><\/p>\n<p style=\"text-align: justify;\">El proyecto consist\u00eda en realizar una visita guiada a las ciudades de <strong>Puerto Montt y Castro<\/strong>, regi\u00f3n de los Lagos. Enfoc\u00e1ndose en la visita a <strong>museos de Historia, edificios y sitios patrimoniales<\/strong>, entre otros, con el fin de profundizar conocimientos abordados durante el a\u00f1o escolar relacionados con la <strong>Historia Nacional<\/strong>, tambi\u00e9n, con la construcci\u00f3n de la <strong>Identidad Nacional<\/strong> como fruto de un sincretismo cultural entre las culturas europeas colonizadoras y los pueblos originarios quienes viv\u00edan en la regi\u00f3n de los Lagos, observados en la ciudad de Puerto Montt, y la ciudad de Castro en la gran Isla de Chilo\u00e9, expresados en diversos formatos tales como: monumentos, arquitectura, naturaleza, objetos, obras de arte, etc.<\/p>\n<p style=\"text-align: justify;\"><strong>OBJETIVO DEL PROYECTO<\/strong>: Extender el capital cultural de las y los estudiantes generando una experiencia significativa, en su formaci\u00f3n hist\u00f3rica-cultural que les permita desarrollar su concepto propio de naci\u00f3n, identidad, cultura, comparando los aspectos culturales propios de la regi\u00f3n de los Lagos, con su regi\u00f3n de origen Biob\u00edo. Destacando rasgos tales como: hist\u00f3ricos, geogr\u00e1ficos, econ\u00f3micos, sociales, culturales y demogr\u00e1ficos.<\/p>\n<p style=\"text-align: justify;\"><strong>DELEGACI\u00d3N PROFESORES<\/strong><\/p>\n<p style=\"text-align: justify;\">Samuel Andr\u00e9s Parra Mu\u00f1oz. (Historia y Geograf\u00eda)<\/p>\n<p style=\"text-align: justify;\">Renato Andr\u00e9s Bustos Pardo. (Matem\u00e1tica)<\/p>\n<p style=\"text-align: justify;\">Camila Katherine Villagr\u00e1n Raihuaque. (Fonoaudi\u00f3loga. Coordinadora PIE)<\/p>\n<p style=\"text-align: justify;\">Adriana Andrea Dur\u00e1n Bustos. (Coordinadora Nivel Preescolar)<\/p>\n<p style=\"text-align: justify;\"><strong>DELEGACI\u00d3N DE APODERADOS<\/strong><\/p>\n<p style=\"text-align: justify;\">Erika Bascur.\u00a0 (6\u00baB)<\/p>\n<p style=\"text-align: justify;\">Daniela Suazo. (6\u00baA)<\/p>\n<p style=\"text-align: justify;\"><strong>ITINERARIO <\/strong><\/p>\n<ul style=\"text-align: justify;\">\n<li>Museo de Historia de Puerto Montt.<\/li>\n<li>Bah\u00eda de Angelm\u00f3.<\/li>\n<li>Museo Juan Pablo II. Puerto Montt.<\/li>\n<li>Catedral de Puerto Montt.<\/li>\n<li>Paseo costanera.<\/li>\n<li>Cruce isla Chilo\u00e9.<\/li>\n<li>Museo regional. Ancud<\/li>\n<li>Museo de las iglesias Patrimoniales de Chilo\u00e9. Ancud<\/li>\n<li>Catedral Castro.<\/li>\n<li>Palafitos<\/li>\n<li>Costanera de Castro.<\/li>\n<\/ul>\n<p style=\"text-align: justify;\">Previo al viaje se realizaron charlas informativas a los apoderados de los estudiantes seleccionados, quienes se mostraron muy motivados por la iniciativa.<\/p>\n<p style=\"text-align: justify;\">La delegaci\u00f3n parti\u00f3 desde Carriel Sur a las 13:00 hrs del d\u00eda 10 de diciembre, arribando a Puerto Montt alrededor de las 14:30 hrs. Visitaron Angelm\u00f3 (almuerzo) y en la tarde se dirigieron a la Isla de Chilo\u00e9 atravesando el Canal de Chacao. Ancud y Castro fueron las principales ciudades visitadas en la Isla. Sin lugar a dudas, una enriquecedora experiencia para nuestros estudiantes.<\/p>\n<div class=\"su-custom-gallery su-custom-gallery-title-never su-lightbox-gallery\"><div class=\"su-custom-gallery-slide\"><a href=\"https:\/\/cnj.cl\/colegio\/wp-content\/uploads\/2024\/12\/gira-de-estudios-1.jpg\" title=\"gira de estudios (1)\"><img loading=\"lazy\" decoding=\"async\" src=\"https:\/\/cnj.cl\/colegio\/wp-content\/uploads\/2024\/12\/gira-de-estudios-1-250x240.jpg\" alt=\"gira de estudios (1)\" width=\"250\" height=\"240\" \/><span class=\"su-custom-gallery-title\">gira de estudios (1)<\/span><\/a><\/div><div class=\"su-custom-gallery-slide\"><a href=\"https:\/\/cnj.cl\/colegio\/wp-content\/uploads\/2024\/12\/gira-de-estudios-2.jpg\" title=\"gira de estudios (2)\"><img loading=\"lazy\" decoding=\"async\" src=\"https:\/\/cnj.cl\/colegio\/wp-content\/uploads\/2024\/12\/gira-de-estudios-2-250x240.jpg\" alt=\"gira de estudios (2)\" width=\"250\" height=\"240\" \/><span class=\"su-custom-gallery-title\">gira de estudios (2)<\/span><\/a><\/div><div class=\"su-custom-gallery-slide\"><a href=\"https:\/\/cnj.cl\/colegio\/wp-content\/uploads\/2024\/12\/gira-de-estudios-3.jpg\" title=\"gira de estudios (3)\"><img loading=\"lazy\" decoding=\"async\" src=\"https:\/\/cnj.cl\/colegio\/wp-content\/uploads\/2024\/12\/gira-de-estudios-3-250x240.jpg\" alt=\"gira de estudios (3)\" width=\"250\" height=\"240\" \/><span class=\"su-custom-gallery-title\">gira de estudios (3)<\/span><\/a><\/div><div class=\"su-custom-gallery-slide\"><a href=\"https:\/\/cnj.cl\/colegio\/wp-content\/uploads\/2024\/12\/gira-de-estudios-4.jpg\" title=\"gira de estudios (4)\"><img loading=\"lazy\" decoding=\"async\" src=\"https:\/\/cnj.cl\/colegio\/wp-content\/uploads\/2024\/12\/gira-de-estudios-4-250x240.jpg\" alt=\"gira de estudios (4)\" width=\"250\" height=\"240\" \/><span class=\"su-custom-gallery-title\">gira de estudios (4)<\/span><\/a><\/div><div class=\"su-custom-gallery-slide\"><a href=\"https:\/\/cnj.cl\/colegio\/wp-content\/uploads\/2024\/12\/gira-de-estudios-5.jpg\" title=\"gira de estudios (5)\"><img loading=\"lazy\" decoding=\"async\" src=\"https:\/\/cnj.cl\/colegio\/wp-content\/uploads\/2024\/12\/gira-de-estudios-5-250x240.jpg\" alt=\"gira de estudios (5)\" width=\"250\" height=\"240\" \/><span class=\"su-custom-gallery-title\">gira de estudios (5)<\/span><\/a><\/div><div class=\"su-custom-gallery-slide\"><a href=\"https:\/\/cnj.cl\/colegio\/wp-content\/uploads\/2024\/12\/gira-de-estudios-6.jpg\" title=\"gira de estudios (6)\"><img loading=\"lazy\" decoding=\"async\" src=\"https:\/\/cnj.cl\/colegio\/wp-content\/uploads\/2024\/12\/gira-de-estudios-6-250x240.jpg\" alt=\"gira de estudios (6)\" width=\"250\" height=\"240\" \/><span class=\"su-custom-gallery-title\">gira de estudios (6)<\/span><\/a><\/div><div class=\"su-custom-gallery-slide\"><a href=\"https:\/\/cnj.cl\/colegio\/wp-content\/uploads\/2024\/12\/gira-de-estudios-7.jpg\" title=\"gira de estudios (7)\"><img loading=\"lazy\" decoding=\"async\" src=\"https:\/\/cnj.cl\/colegio\/wp-content\/uploads\/2024\/12\/gira-de-estudios-7-250x240.jpg\" alt=\"gira de estudios (7)\" width=\"250\" height=\"240\" \/><span class=\"su-custom-gallery-title\">gira de estudios (7)<\/span><\/a><\/div><div class=\"su-custom-gallery-slide\"><a href=\"https:\/\/cnj.cl\/colegio\/wp-content\/uploads\/2024\/12\/gira-de-estudios-8.jpg\" title=\"gira de estudios (8)\"><img loading=\"lazy\" decoding=\"async\" src=\"https:\/\/cnj.cl\/colegio\/wp-content\/uploads\/2024\/12\/gira-de-estudios-8-250x240.jpg\" alt=\"gira de estudios (8)\" width=\"250\" height=\"240\" \/><span class=\"su-custom-gallery-title\">gira de estudios (8)<\/span><\/a><\/div><div class=\"su-custom-gallery-slide\"><a href=\"https:\/\/cnj.cl\/colegio\/wp-content\/uploads\/2024\/12\/gira-de-estudios-9.jpg\" title=\"gira de estudios (9)\"><img loading=\"lazy\" decoding=\"async\" src=\"https:\/\/cnj.cl\/colegio\/wp-content\/uploads\/2024\/12\/gira-de-estudios-9-250x240.jpg\" alt=\"gira de estudios (9)\" width=\"250\" height=\"240\" \/><span class=\"su-custom-gallery-title\">gira de estudios (9)<\/span><\/a><\/div><div class=\"su-custom-gallery-slide\"><a href=\"https:\/\/cnj.cl\/colegio\/wp-content\/uploads\/2024\/12\/gira-de-estudios-10.jpg\" title=\"gira de estudios (10)\"><img loading=\"lazy\" decoding=\"async\" src=\"https:\/\/cnj.cl\/colegio\/wp-content\/uploads\/2024\/12\/gira-de-estudios-10-250x240.jpg\" alt=\"gira de estudios (10)\" width=\"250\" height=\"240\" \/><span class=\"su-custom-gallery-title\">gira de estudios (10)<\/span><\/a><\/div><div class=\"su-clear\"><\/div><\/div>\n","protected":false},"excerpt":{"rendered":"<p>Entre el 10 al 12 de diciembre 24 estudiantes seleccionados de segundo ciclo realizaron un viaje al sur de Chile, como culminaci\u00f3n del proyecto \u201cRecorriendo Puerto Montt e Iglesias de Chilo\u00e9\u201d organizado por los profesores Sr. Samuel Andr\u00e9s Parra Mu\u00f1oz y Sr. Renato Andr\u00e9s Bustos Pardo. El proyecto consist\u00eda en realizar una visita guiada a las ciudades de Puerto Montt y Castro, regi\u00f3n de los Lagos. Enfoc\u00e1ndose en la visita a museos de Historia, edificios y sitios patrimoniales, entre otros, con el fin de profundizar conocimientos abordados durante el a\u00f1o escolar relacionados con la Historia Nacional, tambi\u00e9n, con la construcci\u00f3n de la Identidad Nacional como fruto de un sincretismo cultural entre las culturas europeas colonizadoras y los pueblos originarios quienes viv\u00edan en la regi\u00f3n de los Lagos, observados en la ciudad de Puerto Montt, y la ciudad de Castro en la gran Isla de Chilo\u00e9, expresados en diversos formatos tales como: monumentos, arquitectura, naturaleza, objetos, obras de arte, etc. OBJETIVO DEL PROYECTO: Extender el capital cultural de las y los estudiantes generando una experiencia significativa, en su formaci\u00f3n hist\u00f3rica-cultural que les permita desarrollar su concepto propio de naci\u00f3n, identidad, cultura, comparando los aspectos culturales propios de la regi\u00f3n de los&#8230;.<\/p>\n","protected":false},"author":1,"featured_media":13530,"comment_status":"closed","ping_status":"closed","sticky":false,"template":"","format":"standard","meta":{"footnotes":"","_links_to":"","_links_to_target":""},"categories":[41,33],"tags":[],"class_list":["post-13520","post","type-post","status-publish","format-standard","has-post-thumbnail","hentry","category-destacado","category-noticias"],"_links":{"self":[{"href":"https:\/\/cnj.cl\/colegio\/wp-json\/wp\/v2\/posts\/13520","targetHints":{"allow":["GET"]}}],"collection":[{"href":"https:\/\/cnj.cl\/colegio\/wp-json\/wp\/v2\/posts"}],"about":[{"href":"https:\/\/cnj.cl\/colegio\/wp-json\/wp\/v2\/types\/post"}],"author":[{"embeddable":true,"href":"https:\/\/cnj.cl\/colegio\/wp-json\/wp\/v2\/users\/1"}],"replies":[{"embeddable":true,"href":"https:\/\/cnj.cl\/colegio\/wp-json\/wp\/v2\/comments?post=13520"}],"version-history":[{"count":1,"href":"https:\/\/cnj.cl\/colegio\/wp-json\/wp\/v2\/posts\/13520\/revisions"}],"predecessor-version":[{"id":13531,"href":"https:\/\/cnj.cl\/colegio\/wp-json\/wp\/v2\/posts\/13520\/revisions\/13531"}],"wp:featuredmedia":[{"embeddable":true,"href":"https:\/\/cnj.cl\/colegio\/wp-json\/wp\/v2\/media\/13530"}],"wp:attachment":[{"href":"https:\/\/cnj.cl\/colegio\/wp-json\/wp\/v2\/media?parent=13520"}],"wp:term":[{"taxonomy":"category","embeddable":true,"href":"https:\/\/cnj.cl\/colegio\/wp-json\/wp\/v2\/categories?post=13520"},{"taxonomy":"post_tag","embeddable":true,"href":"https:\/\/cnj.cl\/colegio\/wp-json\/wp\/v2\/tags?post=13520"}],"curies":[{"name":"wp","href":"https:\/\/api.w.org\/{rel}","templated":true}]}}