{"id":13991,"date":"2025-04-17T14:46:57","date_gmt":"2025-04-17T14:46:57","guid":{"rendered":"https:\/\/cnj.cl\/colegio\/?p=13991"},"modified":"2025-04-17T14:46:57","modified_gmt":"2025-04-17T14:46:57","slug":"taller-literario-16-abril-2025","status":"publish","type":"post","link":"https:\/\/cnj.cl\/colegio\/2025\/04\/17\/taller-literario-16-abril-2025\/","title":{"rendered":"TALLER LITERARIO 16 \u2013 ABRIL \u2013 2025"},"content":{"rendered":"<p style=\"text-align: justify;\">La Agrupaci\u00f3n de Gesti\u00f3n Cultural, Patrimonial y Tur\u00edstico Creando Comunidad a trav\u00e9s de <strong><em>Daniela Guerrero Gonz\u00e1lez<\/em><\/strong>, \u00a0<strong><em>profesora de Espa\u00f1ol y Mag\u00edster en Literaturas Hisp\u00e1nicas, Universidad de Concepci\u00f3n. Mag\u00edster en Humanidades, Menci\u00f3n Literatura, Universidad del Desarrollo, escritora y gestora, <\/em><\/strong>imparti\u00f3 el Taller Literario a estudiantes de Segundo Ciclo del Colegio Ni\u00f1o Jes\u00fas de Lota, en la Biblioteca CRA.<\/p>\n<p style=\"text-align: justify;\">Daniela presenta su obra comentando sus libros, concursos de poes\u00eda y comparte la lectura de una selecci\u00f3n. Luego, comienza a realizar el taller con ejercicios pr\u00e1cticos de escritura creativa, para dar origen a los escritos que leyeron en voz alta. Comentaron vivencias personales al escuchar los relatos y recibieron libros de obsequio.<\/p>\n<p style=\"text-align: justify;\">Los estudiantes se sintieron muy contentos, emocionados y agradecidos de la experiencia.<\/p>\n<p style=\"text-align: justify;\">A finalizar el taller la \u00a0escritora deja en la biblioteca dos libros de su autor\u00eda: \u201cMigas de Pan\u201d y \u201cAguas cercenadas\u201d y recibe como recuerdo el libro <strong>Cien A\u00f1os<\/strong>, recopilaci\u00f3n de la historia del colegio (1918-2018).<\/p>\n<p style=\"text-align: justify;\">\n<p style=\"text-align: justify;\"><strong>N\u00d3MINA DE PARTICIPANTES<\/strong><\/p>\n<p style=\"text-align: justify;\">1.- Miraray Stefan\u00eda Aguilar P\u00e9rez, 5\u00baA<\/p>\n<p style=\"text-align: justify;\">2.- Adonai Josep Aravena S\u00e1es, 5\u00baA<\/p>\n<p style=\"text-align: justify;\">3.- Esdras\u00a0 Samuel Rodr\u00edguez Ramos, 5\u00baA<\/p>\n<p style=\"text-align: justify;\">4.- Valentina Millaray Provoste Figueroa. 5\u00baB<\/p>\n<p style=\"text-align: justify;\">5.- Matilda Constanza Gonz\u00e1lez D\u00edaz, 5\u00baB<\/p>\n<p style=\"text-align: justify;\">6.- Jorge Andr\u00e9s S\u00e1ez Delgado, 5\u00baB<\/p>\n<p style=\"text-align: justify;\">7.- Agust\u00edn\u00a0 Alexander\u00a0 Delgado Guti\u00e9rrez, 6\u00baA<\/p>\n<p style=\"text-align: justify;\">8.- Sof\u00eda Emilia Espinoza Matamala, 6\u00baA<\/p>\n<p style=\"text-align: justify;\">9.- Isidora Eugenia Navarrete Flores, 6\u00baA<\/p>\n<p style=\"text-align: justify;\">10.- Sof\u00eda\u00a0 Emilia Torres D\u00edaz, 6\u00baB<\/p>\n<p style=\"text-align: justify;\">11.- Amaral\u00a0 Ignacia\u00a0 Salgado Osses, 6\u00baB<\/p>\n<p style=\"text-align: justify;\">12.- Antonella\u00a0 Isidora\u00a0 Hern\u00e1ndez Jara, 6\u00baB<\/p>\n<p style=\"text-align: justify;\">13.- Catalina Isidora Ortiz Vallejos, 7\u00baA<\/p>\n<p style=\"text-align: justify;\">14.- Javiera Marlen Bustos Bello, 7\u00baA<\/p>\n<p style=\"text-align: justify;\">15.- Crist\u00f3bal Maximiliano Garrido Carvallo, 7\u00baA<\/p>\n<p style=\"text-align: justify;\">16.- Ludmila Emanuelle Rodr\u00edguez Ramos, 7\u00baA<\/p>\n<p style=\"text-align: justify;\">17.- Eimily Yamill Mu\u00f1oz Rivera, 7\u00baB<\/p>\n<p style=\"text-align: justify;\">18.- Ingrid Elvia Rosa Ruiz Valencia, 7\u00baB<\/p>\n<p style=\"text-align: justify;\">19.- Emilia Ignacia Trinidad Jara Montes, 7\u00baB<\/p>\n<p style=\"text-align: justify;\">20.- Rafaella\u00a0 Ignacia Huberlinda\u00a0 Carrillo\u00a0 Saravia, 8\u00baA<\/p>\n<p style=\"text-align: justify;\">21.- Vicente Joaqu\u00edn\u00a0 Moya Gonz\u00e1lez, 8\u00baA<\/p>\n<p style=\"text-align: justify;\">22.- Maximiliano Andr\u00e9s S\u00e1nchez Burdiles, 8\u00baA<\/p>\n<p style=\"text-align: justify;\">23.- Martina Isadora Bel\u00e9n Fern\u00e1ndez Aravena, 8\u00baA<\/p>\n<p style=\"text-align: justify;\">24.- Julieta Agustina\u00a0 Guti\u00e9rrez Pino, 8\u00baB<\/p>\n<p style=\"text-align: justify;\">25.- Mar\u00eda Jes\u00fas Eluney Riffo Ruiz, 8\u00baB<\/p>\n<p style=\"text-align: justify;\">26.- Valeria Pascale Y\u00e9venes Montecinos, 8\u00baB<\/p>\n<div class=\"su-custom-gallery su-custom-gallery-title-never su-lightbox-gallery\"><div class=\"su-custom-gallery-slide\"><a href=\"https:\/\/cnj.cl\/colegio\/wp-content\/uploads\/2025\/04\/PHOTO-2025-04-17-09-54-07-1.jpg\" title=\"PHOTO-2025-04-17-09-54-07\"><img loading=\"lazy\" decoding=\"async\" src=\"https:\/\/cnj.cl\/colegio\/wp-content\/uploads\/2025\/04\/PHOTO-2025-04-17-09-54-07-1-250x240.jpg\" alt=\"PHOTO-2025-04-17-09-54-07\" width=\"250\" height=\"240\" \/><span class=\"su-custom-gallery-title\">PHOTO-2025-04-17-09-54-07<\/span><\/a><\/div><div class=\"su-custom-gallery-slide\"><a href=\"https:\/\/cnj.cl\/colegio\/wp-content\/uploads\/2025\/04\/PHOTO-2025-04-17-09-54-08-2-1.jpg\" title=\"PHOTO-2025-04-17-09-54-08 2\"><img loading=\"lazy\" decoding=\"async\" src=\"https:\/\/cnj.cl\/colegio\/wp-content\/uploads\/2025\/04\/PHOTO-2025-04-17-09-54-08-2-1-250x240.jpg\" alt=\"PHOTO-2025-04-17-09-54-08 2\" width=\"250\" height=\"240\" \/><span class=\"su-custom-gallery-title\">PHOTO-2025-04-17-09-54-08 2<\/span><\/a><\/div><div class=\"su-custom-gallery-slide\"><a href=\"https:\/\/cnj.cl\/colegio\/wp-content\/uploads\/2025\/04\/PHOTO-2025-04-17-09-54-08-1.jpg\" title=\"PHOTO-2025-04-17-09-54-08\"><img loading=\"lazy\" decoding=\"async\" src=\"https:\/\/cnj.cl\/colegio\/wp-content\/uploads\/2025\/04\/PHOTO-2025-04-17-09-54-08-1-250x240.jpg\" alt=\"PHOTO-2025-04-17-09-54-08\" width=\"250\" height=\"240\" \/><span class=\"su-custom-gallery-title\">PHOTO-2025-04-17-09-54-08<\/span><\/a><\/div><div class=\"su-custom-gallery-slide\"><a href=\"https:\/\/cnj.cl\/colegio\/wp-content\/uploads\/2025\/04\/PHOTO-2025-04-17-09-54-09-2-1.jpg\" title=\"PHOTO-2025-04-17-09-54-09 2\"><img loading=\"lazy\" decoding=\"async\" src=\"https:\/\/cnj.cl\/colegio\/wp-content\/uploads\/2025\/04\/PHOTO-2025-04-17-09-54-09-2-1-250x240.jpg\" alt=\"PHOTO-2025-04-17-09-54-09 2\" width=\"250\" height=\"240\" \/><span class=\"su-custom-gallery-title\">PHOTO-2025-04-17-09-54-09 2<\/span><\/a><\/div><div class=\"su-custom-gallery-slide\"><a href=\"https:\/\/cnj.cl\/colegio\/wp-content\/uploads\/2025\/04\/PHOTO-2025-04-17-09-54-09-3-1.jpg\" title=\"PHOTO-2025-04-17-09-54-09 3\"><img loading=\"lazy\" decoding=\"async\" src=\"https:\/\/cnj.cl\/colegio\/wp-content\/uploads\/2025\/04\/PHOTO-2025-04-17-09-54-09-3-1-250x240.jpg\" alt=\"PHOTO-2025-04-17-09-54-09 3\" width=\"250\" height=\"240\" \/><span class=\"su-custom-gallery-title\">PHOTO-2025-04-17-09-54-09 3<\/span><\/a><\/div><div class=\"su-custom-gallery-slide\"><a href=\"https:\/\/cnj.cl\/colegio\/wp-content\/uploads\/2025\/04\/PHOTO-2025-04-17-09-54-09-1.jpg\" title=\"PHOTO-2025-04-17-09-54-09\"><img loading=\"lazy\" decoding=\"async\" src=\"https:\/\/cnj.cl\/colegio\/wp-content\/uploads\/2025\/04\/PHOTO-2025-04-17-09-54-09-1-250x240.jpg\" alt=\"PHOTO-2025-04-17-09-54-09\" width=\"250\" height=\"240\" \/><span class=\"su-custom-gallery-title\">PHOTO-2025-04-17-09-54-09<\/span><\/a><\/div><div class=\"su-custom-gallery-slide\"><a href=\"https:\/\/cnj.cl\/colegio\/wp-content\/uploads\/2025\/04\/PHOTO-2025-04-17-09-54-10-2-1.jpg\" title=\"PHOTO-2025-04-17-09-54-10 2\"><img loading=\"lazy\" decoding=\"async\" src=\"https:\/\/cnj.cl\/colegio\/wp-content\/uploads\/2025\/04\/PHOTO-2025-04-17-09-54-10-2-1-250x240.jpg\" alt=\"PHOTO-2025-04-17-09-54-10 2\" width=\"250\" height=\"240\" \/><span class=\"su-custom-gallery-title\">PHOTO-2025-04-17-09-54-10 2<\/span><\/a><\/div><div class=\"su-custom-gallery-slide\"><a href=\"https:\/\/cnj.cl\/colegio\/wp-content\/uploads\/2025\/04\/PHOTO-2025-04-17-09-54-10-1.jpg\" title=\"PHOTO-2025-04-17-09-54-10\"><img loading=\"lazy\" decoding=\"async\" src=\"https:\/\/cnj.cl\/colegio\/wp-content\/uploads\/2025\/04\/PHOTO-2025-04-17-09-54-10-1-250x240.jpg\" alt=\"PHOTO-2025-04-17-09-54-10\" width=\"250\" height=\"240\" \/><span class=\"su-custom-gallery-title\">PHOTO-2025-04-17-09-54-10<\/span><\/a><\/div><div class=\"su-custom-gallery-slide\"><a href=\"https:\/\/cnj.cl\/colegio\/wp-content\/uploads\/2025\/04\/PHOTO-2025-04-17-09-54-11-2-1.jpg\" title=\"PHOTO-2025-04-17-09-54-11 2\"><img loading=\"lazy\" decoding=\"async\" src=\"https:\/\/cnj.cl\/colegio\/wp-content\/uploads\/2025\/04\/PHOTO-2025-04-17-09-54-11-2-1-250x240.jpg\" alt=\"PHOTO-2025-04-17-09-54-11 2\" width=\"250\" height=\"240\" \/><span class=\"su-custom-gallery-title\">PHOTO-2025-04-17-09-54-11 2<\/span><\/a><\/div><div class=\"su-custom-gallery-slide\"><a href=\"https:\/\/cnj.cl\/colegio\/wp-content\/uploads\/2025\/04\/PHOTO-2025-04-17-09-54-11-1.jpg\" title=\"PHOTO-2025-04-17-09-54-11\"><img loading=\"lazy\" decoding=\"async\" src=\"https:\/\/cnj.cl\/colegio\/wp-content\/uploads\/2025\/04\/PHOTO-2025-04-17-09-54-11-1-250x240.jpg\" alt=\"PHOTO-2025-04-17-09-54-11\" width=\"250\" height=\"240\" \/><span class=\"su-custom-gallery-title\">PHOTO-2025-04-17-09-54-11<\/span><\/a><\/div><div class=\"su-clear\"><\/div><\/div>\n","protected":false},"excerpt":{"rendered":"<p>La Agrupaci\u00f3n de Gesti\u00f3n Cultural, Patrimonial y Tur\u00edstico Creando Comunidad a trav\u00e9s de Daniela Guerrero Gonz\u00e1lez, \u00a0profesora de Espa\u00f1ol y Mag\u00edster en Literaturas Hisp\u00e1nicas, Universidad de Concepci\u00f3n. Mag\u00edster en Humanidades, Menci\u00f3n Literatura, Universidad del Desarrollo, escritora y gestora, imparti\u00f3 el Taller Literario a estudiantes de Segundo Ciclo del Colegio Ni\u00f1o Jes\u00fas de Lota, en la Biblioteca CRA. Daniela presenta su obra comentando sus libros, concursos de poes\u00eda y comparte la lectura de una selecci\u00f3n. Luego, comienza a realizar el taller con ejercicios pr\u00e1cticos de escritura creativa, para dar origen a los escritos que leyeron en voz alta. Comentaron vivencias personales al escuchar los relatos y recibieron libros de obsequio. Los estudiantes se sintieron muy contentos, emocionados y agradecidos de la experiencia. A finalizar el taller la \u00a0escritora deja en la biblioteca dos libros de su autor\u00eda: \u201cMigas de Pan\u201d y \u201cAguas cercenadas\u201d y recibe como recuerdo el libro Cien A\u00f1os, recopilaci\u00f3n de la historia del colegio (1918-2018). N\u00d3MINA DE PARTICIPANTES 1.- Miraray Stefan\u00eda Aguilar P\u00e9rez, 5\u00baA 2.- Adonai Josep Aravena S\u00e1es, 5\u00baA 3.- Esdras\u00a0 Samuel Rodr\u00edguez Ramos, 5\u00baA 4.- Valentina Millaray Provoste Figueroa. 5\u00baB 5.- Matilda Constanza Gonz\u00e1lez D\u00edaz, 5\u00baB 6.- Jorge Andr\u00e9s S\u00e1ez Delgado, 5\u00baB 7.- Agust\u00edn\u00a0 Alexander\u00a0 Delgado&#8230;.<\/p>\n","protected":false},"author":1,"featured_media":14006,"comment_status":"closed","ping_status":"closed","sticky":false,"template":"","format":"standard","meta":{"footnotes":"","_links_to":"","_links_to_target":""},"categories":[41,33],"tags":[],"class_list":["post-13991","post","type-post","status-publish","format-standard","has-post-thumbnail","hentry","category-destacado","category-noticias"],"_links":{"self":[{"href":"https:\/\/cnj.cl\/colegio\/wp-json\/wp\/v2\/posts\/13991","targetHints":{"allow":["GET"]}}],"collection":[{"href":"https:\/\/cnj.cl\/colegio\/wp-json\/wp\/v2\/posts"}],"about":[{"href":"https:\/\/cnj.cl\/colegio\/wp-json\/wp\/v2\/types\/post"}],"author":[{"embeddable":true,"href":"https:\/\/cnj.cl\/colegio\/wp-json\/wp\/v2\/users\/1"}],"replies":[{"embeddable":true,"href":"https:\/\/cnj.cl\/colegio\/wp-json\/wp\/v2\/comments?post=13991"}],"version-history":[{"count":1,"href":"https:\/\/cnj.cl\/colegio\/wp-json\/wp\/v2\/posts\/13991\/revisions"}],"predecessor-version":[{"id":14012,"href":"https:\/\/cnj.cl\/colegio\/wp-json\/wp\/v2\/posts\/13991\/revisions\/14012"}],"wp:featuredmedia":[{"embeddable":true,"href":"https:\/\/cnj.cl\/colegio\/wp-json\/wp\/v2\/media\/14006"}],"wp:attachment":[{"href":"https:\/\/cnj.cl\/colegio\/wp-json\/wp\/v2\/media?parent=13991"}],"wp:term":[{"taxonomy":"category","embeddable":true,"href":"https:\/\/cnj.cl\/colegio\/wp-json\/wp\/v2\/categories?post=13991"},{"taxonomy":"post_tag","embeddable":true,"href":"https:\/\/cnj.cl\/colegio\/wp-json\/wp\/v2\/tags?post=13991"}],"curies":[{"name":"wp","href":"https:\/\/api.w.org\/{rel}","templated":true}]}}