{"id":14013,"date":"2025-04-18T22:11:16","date_gmt":"2025-04-18T22:11:16","guid":{"rendered":"https:\/\/cnj.cl\/colegio\/?p=14013"},"modified":"2025-04-18T22:11:16","modified_gmt":"2025-04-18T22:11:16","slug":"elecciones-del-centro-de-estudiantes-en-el-colegio-nino-jesus-de-lota-resultados-y-nueva-mesa-directiva-2025","status":"publish","type":"post","link":"https:\/\/cnj.cl\/colegio\/2025\/04\/18\/elecciones-del-centro-de-estudiantes-en-el-colegio-nino-jesus-de-lota-resultados-y-nueva-mesa-directiva-2025\/","title":{"rendered":"Elecciones del Centro de Estudiantes en el Colegio Ni\u00f1o Jes\u00fas de Lota: Resultados y Nueva Mesa Directiva 2025"},"content":{"rendered":"<p><strong>El <\/strong><strong>mi\u00e9rcoles 9 de abril de 2025 se llev\u00f3 a cabo el proceso eleccionario para conformar el Centro de Estudiantes de nuestro establecimiento correspondiente al presente a\u00f1o escolar.<\/strong><\/p>\n<p>Las mesas de votaci\u00f3n estuvieron debidamente constituidas por el Tribunal Calificador de Elecciones (TRICEL) integrado por los siguientes estudiantes.<\/p>\n<p><strong>Francesca Flores Alarc\u00f3n, 7\u00baA<\/strong><\/p>\n<p><strong>Gabriel Ruiz Valdebenito, 7\u00baA<\/strong><\/p>\n<p><strong>Javera Bustos Bello, 7\u00baA<\/strong><\/p>\n<p><strong>Martina Fern\u00e1ndez Aravena, 8\u00baA<\/strong><\/p>\n<p><strong>Yohel Delgado V\u00e1squez, 8\u00baA<\/strong><\/p>\n<p><strong>Alexia Saravia Valencia, 8\u00baA<\/strong><\/p>\n<p>Los estudiantes fueron previamente seleccionados y capacitados para garantizar la transparencia y correcto desarrollo del proceso democr\u00e1tico.<\/p>\n<p>El proceso se realiz\u00f3 en el edificio 162 con la supervisi\u00f3n del profesor de Historia Samuel Parra Mu\u00f1oz y en el edificio 169 acompa\u00f1ado por la Evaluadora y Coordinadora de Segundo Ciclo Tania Lozano Mu\u00f1oz.<\/p>\n<p>Se realiz\u00f3 en el primer bloque una inserci\u00f3n pedag\u00f3gica para orientar este proceso electoral estudiantil, junto con un v\u00eddeo explicativo de la importancia del Centro de Estudiantes.<\/p>\n<p>Este ejercicio democr\u00e1tico, cont\u00f3 con la activa participaci\u00f3n de estudiantes desde 1\u00ba a 8\u00ba a\u00f1o, fomentando la acci\u00f3n c\u00edvica, responsabilidad y compromiso con la vida escolar.<\/p>\n<p>En esta elecci\u00f3n, los estudiantes ejercieron su derecho a voto escogiendo entre dos listas postulantes para liderar la directiva en este nuevo per\u00edodo.<\/p>\n<p>Un total de <strong>403 estudiantes<\/strong> emitieron su voto, distribuy\u00e9ndose de la siguiente manera.<\/p>\n<table>\n<tbody>\n<tr>\n<td width=\"69\"><strong>17<\/strong><strong>4 \u00a0votos<\/strong><\/td>\n<td width=\"65\"><strong>L<\/strong><strong>i<\/strong><strong>s<\/strong><strong>t<\/strong><strong>a A<\/strong><\/td>\n<\/tr>\n<tr>\n<td width=\"69\"><strong>229<\/strong><strong>\u00a0 votos<\/strong><\/td>\n<td width=\"65\"><strong>L<\/strong><strong>i<\/strong><strong>s<\/strong><strong>t<\/strong><strong>a B<\/strong><\/td>\n<\/tr>\n<\/tbody>\n<\/table>\n<p>&nbsp;<\/p>\n<p>Como resultado de este proceso, se anuncia la confirmaci\u00f3n de la nueva mesa directiva, integrada por los estudiantes.<\/p>\n<p><strong>PRESIDENTA:\u00a0\u00a0\u00a0\u00a0\u00a0\u00a0\u00a0\u00a0\u00a0\u00a0\u00a0\u00a0\u00a0\u00a0\u00a0\u00a0\u00a0\u00a0\u00a0 \u00a0\u00a0\u00a0\u00a0\u00a0\u00a0\u00a0Julieta Guti\u00e9rrez Pino (8\u00baB)<\/strong><\/p>\n<p><strong>VICEPRESIDENTA:\u00a0\u00a0\u00a0\u00a0\u00a0\u00a0\u00a0\u00a0\u00a0\u00a0\u00a0\u00a0\u00a0\u00a0\u00a0\u00a0\u00a0\u00a0 Valeria Y\u00e9venes Montecinos (8\u00baB)<\/strong><\/p>\n<p><strong>SECRETARIA DE FINANZAS:\u00a0 Monserrat Baeza Mu\u00f1oz (5\u00baA)<\/strong><\/p>\n<p><strong>SECRETARIA DE ACTAS:\u00a0\u00a0\u00a0\u00a0\u00a0\u00a0\u00a0 Emilia Pardo Fern\u00e1ndez (5\u00baA)<\/strong><\/p>\n<p><strong>DELEGADA PASTORAL:\u00a0\u00a0\u00a0\u00a0\u00a0\u00a0\u00a0\u00a0 \u00a0Emilia Jara Montes (7\u00baB)<\/strong><\/p>\n<p><strong>DELEGADOS DE DEPORTES: <\/strong><\/p>\n<p><strong>Aym\u00ed Garay Fern\u00e1ndez (8\u00baB) y <\/strong><\/p>\n<p><strong>Alexander Stuardo Figueroa (8\u00baB)\u00a0\u00a0\u00a0\u00a0\u00a0<\/strong><\/p>\n<p><strong>DELEGADAS DE CULTURA: Isabella D\u00edaz Flores (6\u00baA) y Dominique Parra Aburto (6\u00baA)<\/strong><\/p>\n<p><strong>DELEGADA DE COMUNICACIONES: Mar\u00eda Jes\u00fas Riffo Ruiz (8\u00baB)<\/strong><\/p>\n<p>Este equipo de l\u00edderes estudiantiles, asumir\u00e1 su responsabilidad de representar y gestionar los intereses de la comunidad del Colegio. Se espera que su gesti\u00f3n fomente la participaci\u00f3n activa, el di\u00e1logo constructivo y el desarrollo integral de todos los y las estudiantes.<\/p>\n<div class=\"su-custom-gallery su-custom-gallery-title-never su-lightbox-gallery\"><div class=\"su-custom-gallery-slide\"><a href=\"https:\/\/cnj.cl\/colegio\/wp-content\/uploads\/2025\/04\/1.-1-1.jpg\" title=\"1.-\"><img loading=\"lazy\" decoding=\"async\" src=\"https:\/\/cnj.cl\/colegio\/wp-content\/uploads\/2025\/04\/1.-1-1-250x240.jpg\" alt=\"1.-\" width=\"250\" height=\"240\" \/><span class=\"su-custom-gallery-title\">1.-<\/span><\/a><\/div><div class=\"su-custom-gallery-slide\"><a href=\"https:\/\/cnj.cl\/colegio\/wp-content\/uploads\/2025\/04\/2.-IMG-20250409-WA0004.jpg\" title=\"2.-IMG-20250409-WA0004\"><img loading=\"lazy\" decoding=\"async\" src=\"https:\/\/cnj.cl\/colegio\/wp-content\/uploads\/2025\/04\/2.-IMG-20250409-WA0004-250x240.jpg\" alt=\"2.-IMG-20250409-WA0004\" width=\"250\" height=\"240\" \/><span class=\"su-custom-gallery-title\">2.-IMG-20250409-WA0004<\/span><\/a><\/div><div class=\"su-custom-gallery-slide\"><a href=\"https:\/\/cnj.cl\/colegio\/wp-content\/uploads\/2025\/04\/3.-IMG-20250409-WA0008.jpg\" title=\"3.-IMG-20250409-WA0008\"><img loading=\"lazy\" decoding=\"async\" src=\"https:\/\/cnj.cl\/colegio\/wp-content\/uploads\/2025\/04\/3.-IMG-20250409-WA0008-250x240.jpg\" alt=\"3.-IMG-20250409-WA0008\" width=\"250\" height=\"240\" \/><span class=\"su-custom-gallery-title\">3.-IMG-20250409-WA0008<\/span><\/a><\/div><div class=\"su-custom-gallery-slide\"><a href=\"https:\/\/cnj.cl\/colegio\/wp-content\/uploads\/2025\/04\/4.-IMG-20250409-WA0073.jpg\" title=\"4.-IMG-20250409-WA0073\"><img loading=\"lazy\" decoding=\"async\" src=\"https:\/\/cnj.cl\/colegio\/wp-content\/uploads\/2025\/04\/4.-IMG-20250409-WA0073-250x240.jpg\" alt=\"4.-IMG-20250409-WA0073\" width=\"250\" height=\"240\" \/><span class=\"su-custom-gallery-title\">4.-IMG-20250409-WA0073<\/span><\/a><\/div><div class=\"su-custom-gallery-slide\"><a href=\"https:\/\/cnj.cl\/colegio\/wp-content\/uploads\/2025\/04\/5.-IMG-20250409-WA0069.jpg\" title=\"5.-IMG-20250409-WA0069\"><img loading=\"lazy\" decoding=\"async\" src=\"https:\/\/cnj.cl\/colegio\/wp-content\/uploads\/2025\/04\/5.-IMG-20250409-WA0069-250x240.jpg\" alt=\"5.-IMG-20250409-WA0069\" width=\"250\" height=\"240\" \/><span class=\"su-custom-gallery-title\">5.-IMG-20250409-WA0069<\/span><\/a><\/div><div class=\"su-custom-gallery-slide\"><a href=\"https:\/\/cnj.cl\/colegio\/wp-content\/uploads\/2025\/04\/6.-IMG-20250409-WA0016.jpg\" title=\"6.-IMG-20250409-WA0016\"><img loading=\"lazy\" decoding=\"async\" src=\"https:\/\/cnj.cl\/colegio\/wp-content\/uploads\/2025\/04\/6.-IMG-20250409-WA0016-250x240.jpg\" alt=\"6.-IMG-20250409-WA0016\" width=\"250\" height=\"240\" \/><span class=\"su-custom-gallery-title\">6.-IMG-20250409-WA0016<\/span><\/a><\/div><div class=\"su-custom-gallery-slide\"><a href=\"https:\/\/cnj.cl\/colegio\/wp-content\/uploads\/2025\/04\/7.-IMG-20250409-WA0011.jpg\" title=\"7.-IMG-20250409-WA0011\"><img loading=\"lazy\" decoding=\"async\" src=\"https:\/\/cnj.cl\/colegio\/wp-content\/uploads\/2025\/04\/7.-IMG-20250409-WA0011-250x240.jpg\" alt=\"7.-IMG-20250409-WA0011\" width=\"250\" height=\"240\" \/><span class=\"su-custom-gallery-title\">7.-IMG-20250409-WA0011<\/span><\/a><\/div><div class=\"su-custom-gallery-slide\"><a href=\"https:\/\/cnj.cl\/colegio\/wp-content\/uploads\/2025\/04\/8.-IMG-20250409-WA0015.jpg\" title=\"8.-IMG-20250409-WA0015\"><img loading=\"lazy\" decoding=\"async\" src=\"https:\/\/cnj.cl\/colegio\/wp-content\/uploads\/2025\/04\/8.-IMG-20250409-WA0015-250x240.jpg\" alt=\"8.-IMG-20250409-WA0015\" width=\"250\" height=\"240\" \/><span class=\"su-custom-gallery-title\">8.-IMG-20250409-WA0015<\/span><\/a><\/div><div class=\"su-custom-gallery-slide\"><a href=\"https:\/\/cnj.cl\/colegio\/wp-content\/uploads\/2025\/04\/9.-IMG-20250409-WA0054.jpg\" title=\"9.-IMG-20250409-WA0054\"><img loading=\"lazy\" decoding=\"async\" src=\"https:\/\/cnj.cl\/colegio\/wp-content\/uploads\/2025\/04\/9.-IMG-20250409-WA0054-250x240.jpg\" alt=\"9.-IMG-20250409-WA0054\" width=\"250\" height=\"240\" \/><span class=\"su-custom-gallery-title\">9.-IMG-20250409-WA0054<\/span><\/a><\/div><div class=\"su-custom-gallery-slide\"><a href=\"https:\/\/cnj.cl\/colegio\/wp-content\/uploads\/2025\/04\/10.-IMG-20250409-WA0051.jpg\" title=\"10.-IMG-20250409-WA0051\"><img loading=\"lazy\" decoding=\"async\" src=\"https:\/\/cnj.cl\/colegio\/wp-content\/uploads\/2025\/04\/10.-IMG-20250409-WA0051-250x240.jpg\" alt=\"10.-IMG-20250409-WA0051\" width=\"250\" height=\"240\" \/><span class=\"su-custom-gallery-title\">10.-IMG-20250409-WA0051<\/span><\/a><\/div><div class=\"su-custom-gallery-slide\"><a href=\"https:\/\/cnj.cl\/colegio\/wp-content\/uploads\/2025\/04\/11.-IMG-20250409-WA0040.jpg\" title=\"11.-IMG-20250409-WA0040\"><img loading=\"lazy\" decoding=\"async\" src=\"https:\/\/cnj.cl\/colegio\/wp-content\/uploads\/2025\/04\/11.-IMG-20250409-WA0040-250x240.jpg\" alt=\"11.-IMG-20250409-WA0040\" width=\"250\" height=\"240\" \/><span class=\"su-custom-gallery-title\">11.-IMG-20250409-WA0040<\/span><\/a><\/div><div class=\"su-custom-gallery-slide\"><a href=\"https:\/\/cnj.cl\/colegio\/wp-content\/uploads\/2025\/04\/12.-IMG-20250409-WA0046.jpg\" title=\"12.-IMG-20250409-WA0046\"><img loading=\"lazy\" decoding=\"async\" src=\"https:\/\/cnj.cl\/colegio\/wp-content\/uploads\/2025\/04\/12.-IMG-20250409-WA0046-250x240.jpg\" alt=\"12.-IMG-20250409-WA0046\" width=\"250\" height=\"240\" \/><span class=\"su-custom-gallery-title\">12.-IMG-20250409-WA0046<\/span><\/a><\/div><div class=\"su-custom-gallery-slide\"><a href=\"https:\/\/cnj.cl\/colegio\/wp-content\/uploads\/2025\/04\/13.-IMG-20250409-WA0062.jpg\" title=\"13.-IMG-20250409-WA0062\"><img loading=\"lazy\" decoding=\"async\" src=\"https:\/\/cnj.cl\/colegio\/wp-content\/uploads\/2025\/04\/13.-IMG-20250409-WA0062-250x240.jpg\" alt=\"13.-IMG-20250409-WA0062\" width=\"250\" height=\"240\" \/><span class=\"su-custom-gallery-title\">13.-IMG-20250409-WA0062<\/span><\/a><\/div><div class=\"su-custom-gallery-slide\"><a href=\"https:\/\/cnj.cl\/colegio\/wp-content\/uploads\/2025\/04\/14.-IMG-20250409-WA0057.jpg\" title=\"14.-IMG-20250409-WA0057\"><img loading=\"lazy\" decoding=\"async\" src=\"https:\/\/cnj.cl\/colegio\/wp-content\/uploads\/2025\/04\/14.-IMG-20250409-WA0057-250x240.jpg\" alt=\"14.-IMG-20250409-WA0057\" width=\"250\" height=\"240\" \/><span class=\"su-custom-gallery-title\">14.-IMG-20250409-WA0057<\/span><\/a><\/div><div class=\"su-custom-gallery-slide\"><a href=\"https:\/\/cnj.cl\/colegio\/wp-content\/uploads\/2025\/04\/15.-IMG-20250409-WA0059.jpg\" title=\"15.-IMG-20250409-WA0059\"><img loading=\"lazy\" decoding=\"async\" src=\"https:\/\/cnj.cl\/colegio\/wp-content\/uploads\/2025\/04\/15.-IMG-20250409-WA0059-250x240.jpg\" alt=\"15.-IMG-20250409-WA0059\" width=\"250\" height=\"240\" \/><span class=\"su-custom-gallery-title\">15.-IMG-20250409-WA0059<\/span><\/a><\/div><div class=\"su-clear\"><\/div><\/div>\n","protected":false},"excerpt":{"rendered":"<p>El mi\u00e9rcoles 9 de abril de 2025 se llev\u00f3 a cabo el proceso eleccionario para conformar el Centro de Estudiantes de nuestro establecimiento correspondiente al presente a\u00f1o escolar. Las mesas de votaci\u00f3n estuvieron debidamente constituidas por el Tribunal Calificador de Elecciones (TRICEL) integrado por los siguientes estudiantes. Francesca Flores Alarc\u00f3n, 7\u00baA Gabriel Ruiz Valdebenito, 7\u00baA Javera Bustos Bello, 7\u00baA Martina Fern\u00e1ndez Aravena, 8\u00baA Yohel Delgado V\u00e1squez, 8\u00baA Alexia Saravia Valencia, 8\u00baA Los estudiantes fueron previamente seleccionados y capacitados para garantizar la transparencia y correcto desarrollo del proceso democr\u00e1tico. El proceso se realiz\u00f3 en el edificio 162 con la supervisi\u00f3n del profesor de Historia Samuel Parra Mu\u00f1oz y en el edificio 169 acompa\u00f1ado por la Evaluadora y Coordinadora de Segundo Ciclo Tania Lozano Mu\u00f1oz. Se realiz\u00f3 en el primer bloque una inserci\u00f3n pedag\u00f3gica para orientar este proceso electoral estudiantil, junto con un v\u00eddeo explicativo de la importancia del Centro de Estudiantes. Este ejercicio democr\u00e1tico, cont\u00f3 con la activa participaci\u00f3n de estudiantes desde 1\u00ba a 8\u00ba a\u00f1o, fomentando la acci\u00f3n c\u00edvica, responsabilidad y compromiso con la vida escolar. En esta elecci\u00f3n, los estudiantes ejercieron su derecho a voto escogiendo entre dos listas postulantes para liderar la directiva en este nuevo per\u00edodo. Un&#8230;.<\/p>\n","protected":false},"author":1,"featured_media":14014,"comment_status":"closed","ping_status":"closed","sticky":false,"template":"","format":"standard","meta":{"footnotes":"","_links_to":"","_links_to_target":""},"categories":[41,33],"tags":[],"class_list":["post-14013","post","type-post","status-publish","format-standard","has-post-thumbnail","hentry","category-destacado","category-noticias"],"_links":{"self":[{"href":"https:\/\/cnj.cl\/colegio\/wp-json\/wp\/v2\/posts\/14013","targetHints":{"allow":["GET"]}}],"collection":[{"href":"https:\/\/cnj.cl\/colegio\/wp-json\/wp\/v2\/posts"}],"about":[{"href":"https:\/\/cnj.cl\/colegio\/wp-json\/wp\/v2\/types\/post"}],"author":[{"embeddable":true,"href":"https:\/\/cnj.cl\/colegio\/wp-json\/wp\/v2\/users\/1"}],"replies":[{"embeddable":true,"href":"https:\/\/cnj.cl\/colegio\/wp-json\/wp\/v2\/comments?post=14013"}],"version-history":[{"count":1,"href":"https:\/\/cnj.cl\/colegio\/wp-json\/wp\/v2\/posts\/14013\/revisions"}],"predecessor-version":[{"id":14029,"href":"https:\/\/cnj.cl\/colegio\/wp-json\/wp\/v2\/posts\/14013\/revisions\/14029"}],"wp:featuredmedia":[{"embeddable":true,"href":"https:\/\/cnj.cl\/colegio\/wp-json\/wp\/v2\/media\/14014"}],"wp:attachment":[{"href":"https:\/\/cnj.cl\/colegio\/wp-json\/wp\/v2\/media?parent=14013"}],"wp:term":[{"taxonomy":"category","embeddable":true,"href":"https:\/\/cnj.cl\/colegio\/wp-json\/wp\/v2\/categories?post=14013"},{"taxonomy":"post_tag","embeddable":true,"href":"https:\/\/cnj.cl\/colegio\/wp-json\/wp\/v2\/tags?post=14013"}],"curies":[{"name":"wp","href":"https:\/\/api.w.org\/{rel}","templated":true}]}}