{"id":14138,"date":"2025-04-25T16:50:24","date_gmt":"2025-04-25T16:50:24","guid":{"rendered":"https:\/\/cnj.cl\/colegio\/?p=14138"},"modified":"2025-04-26T00:21:01","modified_gmt":"2025-04-26T00:21:01","slug":"taller-lectura-poetica-23-abril-2025","status":"publish","type":"post","link":"https:\/\/cnj.cl\/colegio\/2025\/04\/25\/taller-lectura-poetica-23-abril-2025\/","title":{"rendered":"TALLER:  LECTURA PO\u00c9TICA       23 \u2013 ABRIL \u2013 2025"},"content":{"rendered":"<p style=\"text-align: center;\"><strong><em>\u201cEl futuro de los ni\u00f1os es hoy, ma\u00f1ana ser\u00e1 tarde\u201d.<\/em><\/strong><\/p>\n<p style=\"text-align: center;\"><strong>GABRIELA MISTRAL<\/strong><\/p>\n<p style=\"text-align: center;\"><strong>(1889 \u2013 1957)<\/strong><\/p>\n<p>El mi\u00e9rcoles 23 de abril se realiz\u00f3 en la Biblioteca CRA la lectura creativa con una selecci\u00f3n de poemas de Gabriela Mistral, en el contexto del <strong>D\u00eda Internacional del Libro y los 80 a\u00f1os del N\u00f3bel de Literatura, que obtuvo la poetisa en 1945.<\/strong><\/p>\n<p>Los estudiantes leyeron varios poemas, interactuaron con los textos y expresaron sus sentimentos en torno a la tem\u00e1tica, recreando lo le\u00eddo.<\/p>\n<p>La profesora Ver\u00f3nica Flores Palacios, Coordinadora CRA y La Sra. Ligia Vigueras Manr\u00edquez, encargada CRA compartieron con los estudiantes datos biogr\u00e1ficos de la poetisa y la presentaci\u00f3n de im\u00e1genes alusivas a su obra.<strong>\u00a0<\/strong><\/p>\n<p><strong>N\u00d3MINA DE PARTICIPANTES<\/strong><\/p>\n<p>1.- \u00a0Isidora Eugenia Navarrete Flores, 6\u00baA<\/p>\n<p>2.- \u00a0Sof\u00eda\u00a0 Emilia Torres D\u00edaz, 6\u00baB<\/p>\n<p>3.- \u00a0Amaral\u00a0 Ignacia\u00a0 Salgado Osses, 6\u00baB<\/p>\n<p>4.- \u00a0Javiera Marlen Bustos Bello, 7\u00baA<\/p>\n<p>5.- \u00a0Isidora Alejandra Calabriano Pacheco, 7\u00baB<\/p>\n<p>6.- \u00a0Emilia Ignacia Trinidad Jara Montes, 7\u00baB<\/p>\n<p>7.- \u00a0Eimily Yamill Mu\u00f1oz Rivera, 7\u00baB<\/p>\n<p>8.- \u00a0Ingrid Elvia Rosa Ruiz Valencia, 7\u00baB<\/p>\n<p>9.- \u00a0Nicol\u00e1s Alejandro Espa\u00f1a Neira, 8\u00baA<\/p>\n<p>10.-Florencia Isabel Molina Fuentealba, 8\u00baA<\/p>\n<p>11.-Martina Isadora Bel\u00e9n Fern\u00e1ndez Aravena, 8\u00baA<\/p>\n<p>12.-Denisse Alexia Garc\u00eda Aguilera, 8\u00baB<\/p>\n<p>13.-Julieta Agustina\u00a0 Guti\u00e9rrez Pino, 8\u00baB<\/p>\n<p>14.-Krisna Ana\u00eds Daniela Ram\u00edrez Riquelme, 8\u00baB<\/p>\n<p>15.-Maximiliano Aaron Fuentes Orellana, 8\u00baB<\/p>\n<div class=\"su-custom-gallery su-custom-gallery-title-never su-lightbox-gallery\"><div class=\"su-custom-gallery-slide\"><a href=\"https:\/\/cnj.cl\/colegio\/wp-content\/uploads\/2025\/04\/IMG_20250423_151912323_HDR_AE.jpg\" title=\"IMG_20250423_151912323_HDR_AE\"><img loading=\"lazy\" decoding=\"async\" src=\"https:\/\/cnj.cl\/colegio\/wp-content\/uploads\/2025\/04\/IMG_20250423_151912323_HDR_AE-250x240.jpg\" alt=\"IMG_20250423_151912323_HDR_AE\" width=\"250\" height=\"240\" \/><span class=\"su-custom-gallery-title\">IMG_20250423_151912323_HDR_AE<\/span><\/a><\/div><div class=\"su-custom-gallery-slide\"><a href=\"https:\/\/cnj.cl\/colegio\/wp-content\/uploads\/2025\/04\/IMG_20250423_151915684_AE.jpg\" title=\"IMG_20250423_151915684_AE\"><img loading=\"lazy\" decoding=\"async\" src=\"https:\/\/cnj.cl\/colegio\/wp-content\/uploads\/2025\/04\/IMG_20250423_151915684_AE-250x240.jpg\" alt=\"IMG_20250423_151915684_AE\" width=\"250\" height=\"240\" \/><span class=\"su-custom-gallery-title\">IMG_20250423_151915684_AE<\/span><\/a><\/div><div class=\"su-custom-gallery-slide\"><a href=\"https:\/\/cnj.cl\/colegio\/wp-content\/uploads\/2025\/04\/IMG_20250423_152202671_HDR_AE.jpg\" title=\"IMG_20250423_152202671_HDR_AE\"><img loading=\"lazy\" decoding=\"async\" src=\"https:\/\/cnj.cl\/colegio\/wp-content\/uploads\/2025\/04\/IMG_20250423_152202671_HDR_AE-250x240.jpg\" alt=\"IMG_20250423_152202671_HDR_AE\" width=\"250\" height=\"240\" \/><span class=\"su-custom-gallery-title\">IMG_20250423_152202671_HDR_AE<\/span><\/a><\/div><div class=\"su-custom-gallery-slide\"><a href=\"https:\/\/cnj.cl\/colegio\/wp-content\/uploads\/2025\/04\/IMG_20250423_152350446_HDR_AE.jpg\" title=\"IMG_20250423_152350446_HDR_AE\"><img loading=\"lazy\" decoding=\"async\" src=\"https:\/\/cnj.cl\/colegio\/wp-content\/uploads\/2025\/04\/IMG_20250423_152350446_HDR_AE-250x240.jpg\" alt=\"IMG_20250423_152350446_HDR_AE\" width=\"250\" height=\"240\" \/><span class=\"su-custom-gallery-title\">IMG_20250423_152350446_HDR_AE<\/span><\/a><\/div><div class=\"su-custom-gallery-slide\"><a href=\"https:\/\/cnj.cl\/colegio\/wp-content\/uploads\/2025\/04\/IMG-20250423-WA0015.jpg\" title=\"IMG-20250423-WA0015\"><img loading=\"lazy\" decoding=\"async\" src=\"https:\/\/cnj.cl\/colegio\/wp-content\/uploads\/2025\/04\/IMG-20250423-WA0015-250x240.jpg\" alt=\"IMG-20250423-WA0015\" width=\"250\" height=\"240\" \/><span class=\"su-custom-gallery-title\">IMG-20250423-WA0015<\/span><\/a><\/div><div class=\"su-custom-gallery-slide\"><a href=\"https:\/\/cnj.cl\/colegio\/wp-content\/uploads\/2025\/04\/IMG-20250423-WA0018-1.jpg\" title=\"IMG-20250423-WA0018-1\"><img loading=\"lazy\" decoding=\"async\" src=\"https:\/\/cnj.cl\/colegio\/wp-content\/uploads\/2025\/04\/IMG-20250423-WA0018-1-250x240.jpg\" alt=\"IMG-20250423-WA0018-1\" width=\"250\" height=\"240\" \/><span class=\"su-custom-gallery-title\">IMG-20250423-WA0018-1<\/span><\/a><\/div><div class=\"su-custom-gallery-slide\"><a href=\"https:\/\/cnj.cl\/colegio\/wp-content\/uploads\/2025\/04\/IMG-20250423-WA0019-1.jpg\" title=\"IMG-20250423-WA0019-1\"><img loading=\"lazy\" decoding=\"async\" src=\"https:\/\/cnj.cl\/colegio\/wp-content\/uploads\/2025\/04\/IMG-20250423-WA0019-1-250x240.jpg\" alt=\"IMG-20250423-WA0019-1\" width=\"250\" height=\"240\" \/><span class=\"su-custom-gallery-title\">IMG-20250423-WA0019-1<\/span><\/a><\/div><div class=\"su-custom-gallery-slide\"><a href=\"https:\/\/cnj.cl\/colegio\/wp-content\/uploads\/2025\/04\/IMG-20250423-WA0021-1.jpg\" title=\"IMG-20250423-WA0021-1\"><img loading=\"lazy\" decoding=\"async\" src=\"https:\/\/cnj.cl\/colegio\/wp-content\/uploads\/2025\/04\/IMG-20250423-WA0021-1-250x240.jpg\" alt=\"IMG-20250423-WA0021-1\" width=\"250\" height=\"240\" \/><span class=\"su-custom-gallery-title\">IMG-20250423-WA0021-1<\/span><\/a><\/div><div class=\"su-custom-gallery-slide\"><a href=\"https:\/\/cnj.cl\/colegio\/wp-content\/uploads\/2025\/04\/IMG-20250423-WA0025-1-1.jpg\" title=\"IMG-20250423-WA0025-1-1\"><img loading=\"lazy\" decoding=\"async\" src=\"https:\/\/cnj.cl\/colegio\/wp-content\/uploads\/2025\/04\/IMG-20250423-WA0025-1-1-250x240.jpg\" alt=\"IMG-20250423-WA0025-1-1\" width=\"250\" height=\"240\" \/><span class=\"su-custom-gallery-title\">IMG-20250423-WA0025-1-1<\/span><\/a><\/div><div class=\"su-clear\"><\/div><\/div>\n","protected":false},"excerpt":{"rendered":"<p>\u201cEl futuro de los ni\u00f1os es hoy, ma\u00f1ana ser\u00e1 tarde\u201d. GABRIELA MISTRAL (1889 \u2013 1957) El mi\u00e9rcoles 23 de abril se realiz\u00f3 en la Biblioteca CRA la lectura creativa con una selecci\u00f3n de poemas de Gabriela Mistral, en el contexto del D\u00eda Internacional del Libro y los 80 a\u00f1os del N\u00f3bel de Literatura, que obtuvo la poetisa en 1945. Los estudiantes leyeron varios poemas, interactuaron con los textos y expresaron sus sentimentos en torno a la tem\u00e1tica, recreando lo le\u00eddo. La profesora Ver\u00f3nica Flores Palacios, Coordinadora CRA y La Sra. Ligia Vigueras Manr\u00edquez, encargada CRA compartieron con los estudiantes datos biogr\u00e1ficos de la poetisa y la presentaci\u00f3n de im\u00e1genes alusivas a su obra.\u00a0 N\u00d3MINA DE PARTICIPANTES 1.- \u00a0Isidora Eugenia Navarrete Flores, 6\u00baA 2.- \u00a0Sof\u00eda\u00a0 Emilia Torres D\u00edaz, 6\u00baB 3.- \u00a0Amaral\u00a0 Ignacia\u00a0 Salgado Osses, 6\u00baB 4.- \u00a0Javiera Marlen Bustos Bello, 7\u00baA 5.- \u00a0Isidora Alejandra Calabriano Pacheco, 7\u00baB 6.- \u00a0Emilia Ignacia Trinidad Jara Montes, 7\u00baB 7.- \u00a0Eimily Yamill Mu\u00f1oz Rivera, 7\u00baB 8.- \u00a0Ingrid Elvia Rosa Ruiz Valencia, 7\u00baB 9.- \u00a0Nicol\u00e1s Alejandro Espa\u00f1a Neira, 8\u00baA 10.-Florencia Isabel Molina Fuentealba, 8\u00baA 11.-Martina Isadora Bel\u00e9n Fern\u00e1ndez Aravena, 8\u00baA 12.-Denisse Alexia Garc\u00eda Aguilera, 8\u00baB 13.-Julieta Agustina\u00a0 Guti\u00e9rrez Pino, 8\u00baB 14.-Krisna Ana\u00eds Daniela Ram\u00edrez Riquelme, 8\u00baB 15.-Maximiliano&#8230;.<\/p>\n","protected":false},"author":1,"featured_media":14141,"comment_status":"closed","ping_status":"closed","sticky":false,"template":"","format":"standard","meta":{"footnotes":"","_links_to":"","_links_to_target":""},"categories":[41,33],"tags":[],"class_list":["post-14138","post","type-post","status-publish","format-standard","has-post-thumbnail","hentry","category-destacado","category-noticias"],"_links":{"self":[{"href":"https:\/\/cnj.cl\/colegio\/wp-json\/wp\/v2\/posts\/14138","targetHints":{"allow":["GET"]}}],"collection":[{"href":"https:\/\/cnj.cl\/colegio\/wp-json\/wp\/v2\/posts"}],"about":[{"href":"https:\/\/cnj.cl\/colegio\/wp-json\/wp\/v2\/types\/post"}],"author":[{"embeddable":true,"href":"https:\/\/cnj.cl\/colegio\/wp-json\/wp\/v2\/users\/1"}],"replies":[{"embeddable":true,"href":"https:\/\/cnj.cl\/colegio\/wp-json\/wp\/v2\/comments?post=14138"}],"version-history":[{"count":2,"href":"https:\/\/cnj.cl\/colegio\/wp-json\/wp\/v2\/posts\/14138\/revisions"}],"predecessor-version":[{"id":14188,"href":"https:\/\/cnj.cl\/colegio\/wp-json\/wp\/v2\/posts\/14138\/revisions\/14188"}],"wp:featuredmedia":[{"embeddable":true,"href":"https:\/\/cnj.cl\/colegio\/wp-json\/wp\/v2\/media\/14141"}],"wp:attachment":[{"href":"https:\/\/cnj.cl\/colegio\/wp-json\/wp\/v2\/media?parent=14138"}],"wp:term":[{"taxonomy":"category","embeddable":true,"href":"https:\/\/cnj.cl\/colegio\/wp-json\/wp\/v2\/categories?post=14138"},{"taxonomy":"post_tag","embeddable":true,"href":"https:\/\/cnj.cl\/colegio\/wp-json\/wp\/v2\/tags?post=14138"}],"curies":[{"name":"wp","href":"https:\/\/api.w.org\/{rel}","templated":true}]}}