{"id":15779,"date":"2025-10-13T20:57:03","date_gmt":"2025-10-13T20:57:03","guid":{"rendered":"https:\/\/cnj.cl\/colegio\/?p=15779"},"modified":"2025-10-13T20:57:03","modified_gmt":"2025-10-13T20:57:03","slug":"saludo-en-el-dia-del-asistente-de-la-educacion-y-dia-del-profesor-2","status":"publish","type":"post","link":"https:\/\/cnj.cl\/colegio\/2025\/10\/13\/saludo-en-el-dia-del-asistente-de-la-educacion-y-dia-del-profesor-2\/","title":{"rendered":"SALUDO EN EL D\u00cdA DEL ASISTENTE DE LA EDUCACI\u00d3N Y D\u00cdA DEL PROFESOR"},"content":{"rendered":"<p>Estimado personal CNJ:<\/p>\n<p>Con especial alegr\u00eda y afecto, les hago llegar el saludo sincero, de toda la comunidad educativa y del equipo de gesti\u00f3n de nuestra instituci\u00f3n.<\/p>\n<p>As\u00ed mismo, queremos dar gracias a Dios por la vocaci\u00f3n que cada uno de ustedes ha recibido, para contribuir a la educaci\u00f3n, acompa\u00f1amiento y formaci\u00f3n de nuestros estudiantes.<\/p>\n<p>Desde el sello personal que los caracteriza y los hace \u00fanicos e irrepetibles, han acogido en sus vidas la noble misi\u00f3n de guiar y servir con amor y esmero, el caminar de muchas generaciones de estudiantes que fueron y son parte de nuestro colegio.<\/p>\n<p>La tarea que ustedes realizan, se compone de momentos dulces y a veces agraz. Soy testigo de que permanentemente se desaf\u00edan a ustedes mismos, para dar lo mejor de s\u00ed, a pesar de que a veces, la vida laboral y personal se pone cuesta arriba, con situaciones que alteran nuestro caminar. Justamente son en estos momentos, cuando m\u00e1s nos necesitamos los unos a los otros, para acompa\u00f1arnos y sostenernos\u2026 Con el silencio acogedor o con un abrazo fraterno.<\/p>\n<p>Es por eso que, en este mes especial, en donde ponemos en valor y reconocemos el trabajo que realizan, los y las invito a <strong><em>\u201creavivar en ustedes el don de Ana Mar\u00eda Martel\u201d<\/em><\/strong>, para encender en sus corazones, la llama de amor y esperanza que nos permitir\u00e1 avanzar en la misi\u00f3n confiada, la cual hunde sus ra\u00edces en el carisma y espiritualidad de la Congregaci\u00f3n Hermanas del Ni\u00f1o Jes\u00fas.<\/p>\n<p>La audacia y coraje que tuvo Ana Mar\u00eda Martel para llevar a cabo su misi\u00f3n, se sustenta en su profundo amor a Jes\u00fas y en la capacidad de confiar plenamente en su Palabra. La <strong><em><u>FE<\/u><\/em><\/strong>, fue un pilar fundamental para trabajar en la evangelizaci\u00f3n y promoci\u00f3n social, de un pa\u00eds (Francia) maltratado, hostil, desconfiado, mezquino, herido por la guerra, la pobreza y la soberbia riqueza, que ostentaban los reyes y algunos nobles del siglo XVI.<\/p>\n<p>Que el fuego y pasi\u00f3n por el Reino de Ana Mar\u00eda Martel, encienda nuestros corazones, ilumine nuestra inteligencia y nos permita cultivar y vivir una fe en comunidad, en donde a trav\u00e9s de una sana convivencia y relaciones laborales saludables, renovemos nuestra fe en Cristo y hagamos de nuestro trabajo, un espacio de crecimiento, encuentro inclusivo, para acompa\u00f1arnos y acompa\u00f1ar, a quienes el Se\u00f1or ha puesto en nuestro camino.<\/p>\n<p>&nbsp;<\/p>\n<p style=\"text-align: center;\"><em>Ana Mar\u00eda Martel, Sierva de Dios: Ruega por nosotros.<\/em><\/p>\n<p style=\"text-align: center;\">\u00a1Feliz d\u00eda profesores y asistentes de la educaci\u00f3n!<\/p>\n<p>&nbsp;<\/p>\n<p style=\"text-align: center;\"><strong>\u00d3scar B\u00f3rquez L\u00f3pez<\/strong><\/p>\n<p style=\"text-align: center;\">Director Colegio Ni\u00f1o Jes\u00fas<\/p>\n<p>&nbsp;<\/p>\n<p>Lota, octubre de 2025.-<\/p>\n","protected":false},"excerpt":{"rendered":"<p>Estimado personal CNJ: Con especial alegr\u00eda y afecto, les hago llegar el saludo sincero, de toda la comunidad educativa y del equipo de gesti\u00f3n de nuestra instituci\u00f3n. As\u00ed mismo, queremos dar gracias a Dios por la vocaci\u00f3n que cada uno de ustedes ha recibido, para contribuir a la educaci\u00f3n, acompa\u00f1amiento y formaci\u00f3n de nuestros estudiantes. Desde el sello personal que los caracteriza y los hace \u00fanicos e irrepetibles, han acogido en sus vidas la noble misi\u00f3n de guiar y servir con amor y esmero, el caminar de muchas generaciones de estudiantes que fueron y son parte de nuestro colegio. La tarea que ustedes realizan, se compone de momentos dulces y a veces agraz. Soy testigo de que permanentemente se desaf\u00edan a ustedes mismos, para dar lo mejor de s\u00ed, a pesar de que a veces, la vida laboral y personal se pone cuesta arriba, con situaciones que alteran nuestro caminar. Justamente son en estos momentos, cuando m\u00e1s nos necesitamos los unos a los otros, para acompa\u00f1arnos y sostenernos\u2026 Con el silencio acogedor o con un abrazo fraterno. Es por eso que, en este mes especial, en donde ponemos en valor y reconocemos el trabajo que realizan, los y las invito&#8230;.<\/p>\n","protected":false},"author":1,"featured_media":15780,"comment_status":"closed","ping_status":"closed","sticky":false,"template":"","format":"standard","meta":{"footnotes":"","_links_to":"","_links_to_target":""},"categories":[41,33],"tags":[],"class_list":["post-15779","post","type-post","status-publish","format-standard","has-post-thumbnail","hentry","category-destacado","category-noticias"],"_links":{"self":[{"href":"https:\/\/cnj.cl\/colegio\/wp-json\/wp\/v2\/posts\/15779","targetHints":{"allow":["GET"]}}],"collection":[{"href":"https:\/\/cnj.cl\/colegio\/wp-json\/wp\/v2\/posts"}],"about":[{"href":"https:\/\/cnj.cl\/colegio\/wp-json\/wp\/v2\/types\/post"}],"author":[{"embeddable":true,"href":"https:\/\/cnj.cl\/colegio\/wp-json\/wp\/v2\/users\/1"}],"replies":[{"embeddable":true,"href":"https:\/\/cnj.cl\/colegio\/wp-json\/wp\/v2\/comments?post=15779"}],"version-history":[{"count":1,"href":"https:\/\/cnj.cl\/colegio\/wp-json\/wp\/v2\/posts\/15779\/revisions"}],"predecessor-version":[{"id":15781,"href":"https:\/\/cnj.cl\/colegio\/wp-json\/wp\/v2\/posts\/15779\/revisions\/15781"}],"wp:featuredmedia":[{"embeddable":true,"href":"https:\/\/cnj.cl\/colegio\/wp-json\/wp\/v2\/media\/15780"}],"wp:attachment":[{"href":"https:\/\/cnj.cl\/colegio\/wp-json\/wp\/v2\/media?parent=15779"}],"wp:term":[{"taxonomy":"category","embeddable":true,"href":"https:\/\/cnj.cl\/colegio\/wp-json\/wp\/v2\/categories?post=15779"},{"taxonomy":"post_tag","embeddable":true,"href":"https:\/\/cnj.cl\/colegio\/wp-json\/wp\/v2\/tags?post=15779"}],"curies":[{"name":"wp","href":"https:\/\/api.w.org\/{rel}","templated":true}]}}