{"id":3601,"date":"2022-08-15T00:32:49","date_gmt":"2022-08-15T00:32:49","guid":{"rendered":"https:\/\/cnj.cl\/colegio\/?p=3601"},"modified":"2022-08-15T01:16:26","modified_gmt":"2022-08-15T01:16:26","slug":"15-de-agosto-dia-de-la-vida-consagrada","status":"publish","type":"post","link":"https:\/\/cnj.cl\/colegio\/2022\/08\/15\/15-de-agosto-dia-de-la-vida-consagrada\/","title":{"rendered":"15 DE AGOSTO D\u00cdA DE LA VIDA CONSAGRADA"},"content":{"rendered":"<p style=\"text-align: right;\"><strong>\u201c\u00a1Oh Jes\u00fas que vives en Mar\u00eda, Ven y Vive en nosotros!<\/strong><\/p>\n<p style=\"text-align: right;\"><em>\u00a0\u00a0\u00a0\u00a0\u00a0\u00a0\u00a0\u00a0\u00a0\u00a0\u00a0\u00a0\u00a0\u00a0\u00a0\u00a0\u00a0\u00a0\u00a0\u00a0\u00a0\u00a0\u00a0\u00a0\u00a0 Ana Mar\u00eda Martel<\/em><\/p>\n<p>En el d\u00eda de la vida Consagrada, como comunidad educativa Colegio Ni\u00f1o Jes\u00fas, saludamos con especial cari\u00f1o a todas nuestras hermanas de la Congregaci\u00f3n. Damos gracias a Dios por el don prof\u00e9tico de la vocaci\u00f3n a la vida religiosa, por el testimonio de amor, entrega y compromiso de cada Hermana del Ni\u00f1o Jes\u00fas que ha abrazado en su vida la misi\u00f3n de <strong><em>\u201cdespertar y profundizar la fe\u201d, \u201csiendo presencia del amor de Dios en el mundo\u201d. <\/em><\/strong><\/p>\n<p>Oramos tambi\u00e9n, por las hermanas que han partido a la casa del Padre y que consagraron su vida al servicio del Reino de Dios, entreg\u00e1ndose generosamente en su labor apost\u00f3lica, misionera, pastoral y social.<\/p>\n<p>Hoy d\u00eda, queremos saludar muy cari\u00f1osamente a nuestra <strong><em>hna. Pilar Salazar Pascal,<\/em><\/strong> quien acompa\u00f1a y anima la vida de fe, pastoral y acad\u00e9mica de nuestro querido colegio. Le pedimos al Se\u00f1or que la bendiga abundantemente para que su consagraci\u00f3n sea fecunda y su testimonio de vida religiosa de muchos frutos.<\/p>\n<p style=\"text-align: center;\"><strong>\u00a1MUCHAS FELICIDADES A NUESTRAS RELIGIOSAS DEL NI\u00d1O JES\u00daS EN EL D\u00cdA DE LA VIDA CONSAGRADA!<\/strong><\/p>\n<div class=\"su-custom-gallery su-custom-gallery-title-never su-lightbox-gallery\"><div class=\"su-custom-gallery-slide\"><a href=\"https:\/\/cnj.cl\/colegio\/wp-content\/uploads\/2022\/08\/1-9.jpg\" title=\"1\"><img loading=\"lazy\" decoding=\"async\" src=\"https:\/\/cnj.cl\/colegio\/wp-content\/uploads\/2022\/08\/1-9-250x240.jpg\" alt=\"1\" width=\"250\" height=\"240\" \/><span class=\"su-custom-gallery-title\">1<\/span><\/a><\/div><div class=\"su-custom-gallery-slide\"><a href=\"https:\/\/cnj.cl\/colegio\/wp-content\/uploads\/2022\/08\/2-8.jpg\" title=\"2\"><img loading=\"lazy\" decoding=\"async\" src=\"https:\/\/cnj.cl\/colegio\/wp-content\/uploads\/2022\/08\/2-8-250x240.jpg\" alt=\"2\" width=\"250\" height=\"240\" \/><span class=\"su-custom-gallery-title\">2<\/span><\/a><\/div><div class=\"su-custom-gallery-slide\"><a href=\"https:\/\/cnj.cl\/colegio\/wp-content\/uploads\/2022\/08\/3-8.jpg\" title=\"3\"><img loading=\"lazy\" decoding=\"async\" src=\"https:\/\/cnj.cl\/colegio\/wp-content\/uploads\/2022\/08\/3-8-250x240.jpg\" alt=\"3\" width=\"250\" height=\"240\" \/><span class=\"su-custom-gallery-title\">3<\/span><\/a><\/div><div class=\"su-custom-gallery-slide\"><a href=\"https:\/\/cnj.cl\/colegio\/wp-content\/uploads\/2022\/08\/4-7.jpg\" title=\"4\"><img loading=\"lazy\" decoding=\"async\" src=\"https:\/\/cnj.cl\/colegio\/wp-content\/uploads\/2022\/08\/4-7-250x240.jpg\" alt=\"4\" width=\"250\" height=\"240\" \/><span class=\"su-custom-gallery-title\">4<\/span><\/a><\/div><div class=\"su-custom-gallery-slide\"><a href=\"https:\/\/cnj.cl\/colegio\/wp-content\/uploads\/2022\/08\/5-5.jpg\" title=\"5\"><img loading=\"lazy\" decoding=\"async\" src=\"https:\/\/cnj.cl\/colegio\/wp-content\/uploads\/2022\/08\/5-5-250x240.jpg\" alt=\"5\" width=\"250\" height=\"240\" \/><span class=\"su-custom-gallery-title\">5<\/span><\/a><\/div><div class=\"su-custom-gallery-slide\"><a href=\"https:\/\/cnj.cl\/colegio\/wp-content\/uploads\/2022\/08\/6-6.jpg\" title=\"6\"><img loading=\"lazy\" decoding=\"async\" src=\"https:\/\/cnj.cl\/colegio\/wp-content\/uploads\/2022\/08\/6-6-250x240.jpg\" alt=\"6\" width=\"250\" height=\"240\" \/><span class=\"su-custom-gallery-title\">6<\/span><\/a><\/div><div class=\"su-custom-gallery-slide\"><a href=\"https:\/\/cnj.cl\/colegio\/wp-content\/uploads\/2022\/08\/7-3.jpg\" title=\"7\"><img loading=\"lazy\" decoding=\"async\" src=\"https:\/\/cnj.cl\/colegio\/wp-content\/uploads\/2022\/08\/7-3-250x240.jpg\" alt=\"7\" width=\"250\" height=\"240\" \/><span class=\"su-custom-gallery-title\">7<\/span><\/a><\/div><div class=\"su-custom-gallery-slide\"><a href=\"https:\/\/cnj.cl\/colegio\/wp-content\/uploads\/2022\/08\/8-3.jpg\" title=\"8\"><img loading=\"lazy\" decoding=\"async\" src=\"https:\/\/cnj.cl\/colegio\/wp-content\/uploads\/2022\/08\/8-3-250x240.jpg\" alt=\"8\" width=\"250\" height=\"240\" \/><span class=\"su-custom-gallery-title\">8<\/span><\/a><\/div><div class=\"su-custom-gallery-slide\"><a href=\"https:\/\/cnj.cl\/colegio\/wp-content\/uploads\/2022\/08\/9-5.jpg\" title=\"9\"><img loading=\"lazy\" decoding=\"async\" src=\"https:\/\/cnj.cl\/colegio\/wp-content\/uploads\/2022\/08\/9-5-250x240.jpg\" alt=\"9\" width=\"250\" height=\"240\" \/><span class=\"su-custom-gallery-title\">9<\/span><\/a><\/div><div class=\"su-custom-gallery-slide\"><a href=\"https:\/\/cnj.cl\/colegio\/wp-content\/uploads\/2022\/08\/10-3.jpg\" title=\"10\"><img loading=\"lazy\" decoding=\"async\" src=\"https:\/\/cnj.cl\/colegio\/wp-content\/uploads\/2022\/08\/10-3-250x240.jpg\" alt=\"10\" width=\"250\" height=\"240\" \/><span class=\"su-custom-gallery-title\">10<\/span><\/a><\/div><div class=\"su-custom-gallery-slide\"><a href=\"https:\/\/cnj.cl\/colegio\/wp-content\/uploads\/2022\/08\/11-1.jpg\" title=\"11\"><img loading=\"lazy\" decoding=\"async\" src=\"https:\/\/cnj.cl\/colegio\/wp-content\/uploads\/2022\/08\/11-1-250x240.jpg\" alt=\"11\" width=\"250\" height=\"240\" \/><span class=\"su-custom-gallery-title\">11<\/span><\/a><\/div><div class=\"su-custom-gallery-slide\"><a href=\"https:\/\/cnj.cl\/colegio\/wp-content\/uploads\/2022\/08\/12-1.jpg\" title=\"12\"><img loading=\"lazy\" decoding=\"async\" src=\"https:\/\/cnj.cl\/colegio\/wp-content\/uploads\/2022\/08\/12-1-250x240.jpg\" alt=\"12\" width=\"250\" height=\"240\" \/><span class=\"su-custom-gallery-title\">12<\/span><\/a><\/div><div class=\"su-clear\"><\/div><\/div>\n<p>&nbsp;<\/p>\n","protected":false},"excerpt":{"rendered":"<p>\u201c\u00a1Oh Jes\u00fas que vives en Mar\u00eda, Ven y Vive en nosotros! \u00a0\u00a0\u00a0\u00a0\u00a0\u00a0\u00a0\u00a0\u00a0\u00a0\u00a0\u00a0\u00a0\u00a0\u00a0\u00a0\u00a0\u00a0\u00a0\u00a0\u00a0\u00a0\u00a0\u00a0\u00a0 Ana Mar\u00eda Martel En el d\u00eda de la vida Consagrada, como comunidad educativa Colegio Ni\u00f1o Jes\u00fas, saludamos con especial cari\u00f1o a todas nuestras hermanas de la Congregaci\u00f3n. Damos gracias a Dios por el don prof\u00e9tico de la vocaci\u00f3n a la vida religiosa, por el testimonio de amor, entrega y compromiso de cada Hermana del Ni\u00f1o Jes\u00fas que ha abrazado en su vida la misi\u00f3n de \u201cdespertar y profundizar la fe\u201d, \u201csiendo presencia del amor de Dios en el mundo\u201d. Oramos tambi\u00e9n, por las hermanas que han partido a la casa del Padre y que consagraron su vida al servicio del Reino de Dios, entreg\u00e1ndose generosamente en su labor apost\u00f3lica, misionera, pastoral y social. Hoy d\u00eda, queremos saludar muy cari\u00f1osamente a nuestra hna. Pilar Salazar Pascal, quien acompa\u00f1a y anima la vida de fe, pastoral y acad\u00e9mica de nuestro querido colegio. Le pedimos al Se\u00f1or que la bendiga abundantemente para que su consagraci\u00f3n sea fecunda y su testimonio de vida religiosa de muchos frutos. \u00a1MUCHAS FELICIDADES A NUESTRAS RELIGIOSAS DEL NI\u00d1O JES\u00daS EN EL D\u00cdA DE LA VIDA CONSAGRADA! &nbsp;<\/p>\n","protected":false},"author":1,"featured_media":3607,"comment_status":"closed","ping_status":"closed","sticky":false,"template":"","format":"standard","meta":{"footnotes":"","_links_to":"","_links_to_target":""},"categories":[41,33],"tags":[],"class_list":["post-3601","post","type-post","status-publish","format-standard","has-post-thumbnail","hentry","category-destacado","category-noticias"],"_links":{"self":[{"href":"https:\/\/cnj.cl\/colegio\/wp-json\/wp\/v2\/posts\/3601","targetHints":{"allow":["GET"]}}],"collection":[{"href":"https:\/\/cnj.cl\/colegio\/wp-json\/wp\/v2\/posts"}],"about":[{"href":"https:\/\/cnj.cl\/colegio\/wp-json\/wp\/v2\/types\/post"}],"author":[{"embeddable":true,"href":"https:\/\/cnj.cl\/colegio\/wp-json\/wp\/v2\/users\/1"}],"replies":[{"embeddable":true,"href":"https:\/\/cnj.cl\/colegio\/wp-json\/wp\/v2\/comments?post=3601"}],"version-history":[{"count":2,"href":"https:\/\/cnj.cl\/colegio\/wp-json\/wp\/v2\/posts\/3601\/revisions"}],"predecessor-version":[{"id":3615,"href":"https:\/\/cnj.cl\/colegio\/wp-json\/wp\/v2\/posts\/3601\/revisions\/3615"}],"wp:featuredmedia":[{"embeddable":true,"href":"https:\/\/cnj.cl\/colegio\/wp-json\/wp\/v2\/media\/3607"}],"wp:attachment":[{"href":"https:\/\/cnj.cl\/colegio\/wp-json\/wp\/v2\/media?parent=3601"}],"wp:term":[{"taxonomy":"category","embeddable":true,"href":"https:\/\/cnj.cl\/colegio\/wp-json\/wp\/v2\/categories?post=3601"},{"taxonomy":"post_tag","embeddable":true,"href":"https:\/\/cnj.cl\/colegio\/wp-json\/wp\/v2\/tags?post=3601"}],"curies":[{"name":"wp","href":"https:\/\/api.w.org\/{rel}","templated":true}]}}