{"id":3716,"date":"2022-08-25T22:47:25","date_gmt":"2022-08-25T22:47:25","guid":{"rendered":"https:\/\/cnj.cl\/colegio\/?p=3716"},"modified":"2022-08-25T22:47:25","modified_gmt":"2022-08-25T22:47:25","slug":"premiacion-sellos-y-valores","status":"publish","type":"post","link":"https:\/\/cnj.cl\/colegio\/2022\/08\/25\/premiacion-sellos-y-valores\/","title":{"rendered":"PREMIACI\u00d3N SELLOS Y VALORES"},"content":{"rendered":"<p style=\"text-align: justify;\">El martes 23 de agosto se efectu\u00f3 la premiaci\u00f3n de la <strong><em>\u201cPromoci\u00f3n de Sellos y Valores<\/em><\/strong>\u201d, acci\u00f3n perteneciente al Plan de Mejoramiento Educativo (PME) en la Dimensi\u00f3n Convivencia Escolar. Animan esta ceremonia la profesora encargada de Convivencia Escolar Sra. Dina Hidaldo y el profesor Dorian Garri, encargado del Departamento de Historia.<\/p>\n<p style=\"text-align: justify;\">Se destacan dos estudiantes por curso en el <strong>valor del amor<\/strong> definido en nuestro PEI como una fuerza de uni\u00f3n y armon\u00eda que mantiene la seguridad, confianza en s\u00ed mismo y alegr\u00eda al saberse importante, como parte del <strong>sello de Espiritualidad de la Encarnaci\u00f3n,<\/strong> que nos invita a adherirnos a los sentimientos, pensamientos y acciones de Jes\u00fas, para continuar su misi\u00f3n, siendo presencia de amor al Padre y los hermanos, aprendiendo a construir su vida sobre la base val\u00f3rica, que le permita relacionarse consigo mismo, con otros y la creaci\u00f3n, para contribuir a una sociedad m\u00e1s solidaria, justa y fraterna.<\/p>\n<p style=\"text-align: justify;\">Este valor forma parte de las virtudes de la Fundadora de la Congregaci\u00f3n Hnas. del Ni\u00f1o Jes\u00fas, Ana Mar\u00eda Martel. Su alegr\u00eda y amor a la vida; con un coraz\u00f3n que irradiaba caridad y ternura. Una joven con un alma de verdadera oraci\u00f3n.<\/p>\n<p style=\"text-align: justify;\">Un especial reconocimiento a la espiritualidad lo recibe la estudiante de 4\u00baB Emily Ailin Valencia Orellana. Le entrega un est\u00edmulo su Profesora Jefe, Srta. Paula Bast\u00edas Quezada.<\/p>\n<p style=\"text-align: justify;\">Emily relata la motivaci\u00f3n de Ana Mar\u00eda Martel y su oraci\u00f3n en la Gruta del Colegio y realiza la oraci\u00f3n por la Beatificaci\u00f3n de la Fundadora.<\/p>\n<p style=\"text-align: justify;\">La Hna. Pilar Salazar expresa a los padres y apoderados, la importancia de los valores que acompa\u00f1ar\u00e1n toda la vida de los estudiantes, enfatizando la inspiraci\u00f3n de Ana Mar\u00eda Martel en los profesores y Comunidad Educativa.<\/p>\n<p style=\"text-align: justify;\">\u00a0Finaliza la ceremonia rezando el Ave Mar\u00eda.<\/p>\n<table width=\"506\">\n<tbody>\n<tr>\n<td width=\"71\"><strong>CURSOS<\/strong><\/td>\n<td width=\"435\"><strong>ESTUDIANTES<\/strong><\/td>\n<\/tr>\n<tr>\n<td width=\"71\">Prek\u00ednder A<\/td>\n<td width=\"435\">Isidora Monserrat Sandoval\u00a0 Sarzoza y Mart\u00edn Antonio Orellana Saravia<\/td>\n<\/tr>\n<tr>\n<td width=\"71\">Prek\u00ednder B<\/td>\n<td width=\"435\">Isidora Antonia Fuentes Mu\u00f1oz y L\u00eda Violetta Vergara Barrientos<\/td>\n<\/tr>\n<tr>\n<td width=\"71\">K\u00ednder A<\/td>\n<td width=\"435\">Martina Antonia S\u00e1ez Pereira e Isaac Nahuel Reyes Bizama<\/td>\n<\/tr>\n<tr>\n<td width=\"71\">K\u00ednder B<\/td>\n<td width=\"435\">Clara Esperanza Toloza Saavedra y Francisco Andr\u00e9s Vidal Vidal<\/td>\n<\/tr>\n<tr>\n<td width=\"71\">1\u00baA<\/td>\n<td width=\"435\">Maira Consuelo Sanzana Ayala y Mar\u00eda Victoria Reyes Cifuentes<\/td>\n<\/tr>\n<tr>\n<td width=\"71\">1\u00baB<\/td>\n<td width=\"435\">Dominik Anastasia Gajardo Ardiles y Math\u00edas Kram Vicente Medina<\/td>\n<\/tr>\n<tr>\n<td width=\"71\">2\u00baA<\/td>\n<td width=\"435\">Maily Isidora Millaray Soto Castillo y Mart\u00edn Alejandro Moya Gonz\u00e1lez<\/td>\n<\/tr>\n<tr>\n<td width=\"71\">2\u00baB<\/td>\n<td width=\"435\">Maite Nayelie Navarro Balmaz\u00e1bal y Juan Pablo Ram\u00edrez Hern\u00e1ndez<\/td>\n<\/tr>\n<tr>\n<td width=\"71\">3\u00baA<\/td>\n<td width=\"435\">Florencia Valentina Mora C\u00e1rdenas y Basti\u00e1n El\u00edas Paredes Fuentealba<\/td>\n<\/tr>\n<tr>\n<td width=\"71\">3\u00baB<\/td>\n<td width=\"435\">Isabella Valentina Calabriano Sanhueza y Kobe Andr\u00e9s Bryant Oliveros Riffo<\/td>\n<\/tr>\n<tr>\n<td width=\"71\">4\u00baA<\/td>\n<td width=\"435\">Gabriela Millaray Reyes Bizama y Agust\u00edn Andr\u00e9s Orme\u00f1o Galarce<\/td>\n<\/tr>\n<tr>\n<td width=\"71\">4\u00baB<\/td>\n<td width=\"435\">Antonia Francisca Neira Herrera y Crist\u00f3bal Andr\u00e9 Barahona Torres<\/td>\n<\/tr>\n<tr>\n<td width=\"71\">5\u00baA<\/td>\n<td width=\"435\">Sof\u00eda Esperanza Catalina Sanhueza Jara y Rafaella Ignacia Huberlinda Carrillo Saravia<\/td>\n<\/tr>\n<tr>\n<td width=\"71\">5\u00baB<\/td>\n<td width=\"435\">Rayen Nicole Rifo Orellana y Pablo Mois\u00e9s Ram\u00edrez Gonz\u00e1lez<\/td>\n<\/tr>\n<tr>\n<td width=\"71\">6\u00baA<\/td>\n<td width=\"435\">Estefan\u00eda Gerardina Gonz\u00e1lez Ruiz y Mart\u00edn Alejandro Godoy Mardones<\/td>\n<\/tr>\n<tr>\n<td width=\"71\">6\u00baB<\/td>\n<td width=\"435\">Eliz\u00e1beth Scarlet Estrada Escalona y Antonia Ana\u00eds Paz Salgado Retamal<\/td>\n<\/tr>\n<tr>\n<td width=\"71\">7\u00baA<\/td>\n<td width=\"435\">Meritxell Denise Becerra Salas y Rodrigo Jes\u00fas Nicol\u00e1s Estobar Barrera<\/td>\n<\/tr>\n<tr>\n<td width=\"71\">7\u00baB<\/td>\n<td width=\"435\">Florencia Ignacia Jim\u00e9nez S\u00e1nchez y Camilo Agust\u00edn Torres Cisternas<\/td>\n<\/tr>\n<tr>\n<td width=\"71\">8\u00baA<\/td>\n<td width=\"435\">Martina Fernanda Acosta Morales y Colomba Trinidad Serey Jim\u00e9nez<\/td>\n<\/tr>\n<tr>\n<td width=\"71\">8\u00baB<\/td>\n<td width=\"435\">\u00c1mbar Naom\u00ed Novoa Henr\u00edquez y Lucas Fernando Arteaga Irribarra<\/td>\n<\/tr>\n<\/tbody>\n<\/table>\n<div class=\"su-custom-gallery su-custom-gallery-title-never su-lightbox-gallery\"><div class=\"su-custom-gallery-slide\"><a href=\"https:\/\/cnj.cl\/colegio\/wp-content\/uploads\/2022\/08\/1.-IMG-20220823-WA0015.jpg\" title=\"1.-IMG-20220823-WA0015\"><img loading=\"lazy\" decoding=\"async\" src=\"https:\/\/cnj.cl\/colegio\/wp-content\/uploads\/2022\/08\/1.-IMG-20220823-WA0015-250x240.jpg\" alt=\"1.-IMG-20220823-WA0015\" width=\"250\" height=\"240\" \/><span class=\"su-custom-gallery-title\">1.-IMG-20220823-WA0015<\/span><\/a><\/div><div class=\"su-custom-gallery-slide\"><a href=\"https:\/\/cnj.cl\/colegio\/wp-content\/uploads\/2022\/08\/2.-IMG-20220823-WA0013.jpg\" title=\"2.- IMG-20220823-WA0013\"><img loading=\"lazy\" decoding=\"async\" src=\"https:\/\/cnj.cl\/colegio\/wp-content\/uploads\/2022\/08\/2.-IMG-20220823-WA0013-250x240.jpg\" alt=\"2.- IMG-20220823-WA0013\" width=\"250\" height=\"240\" \/><span class=\"su-custom-gallery-title\">2.- IMG-20220823-WA0013<\/span><\/a><\/div><div class=\"su-custom-gallery-slide\"><a href=\"https:\/\/cnj.cl\/colegio\/wp-content\/uploads\/2022\/08\/3.-IMG-20220823-WA0014.jpg\" title=\"3.-IMG-20220823-WA0014\"><img loading=\"lazy\" decoding=\"async\" src=\"https:\/\/cnj.cl\/colegio\/wp-content\/uploads\/2022\/08\/3.-IMG-20220823-WA0014-250x240.jpg\" alt=\"3.-IMG-20220823-WA0014\" width=\"250\" height=\"240\" \/><span class=\"su-custom-gallery-title\">3.-IMG-20220823-WA0014<\/span><\/a><\/div><div class=\"su-custom-gallery-slide\"><a href=\"https:\/\/cnj.cl\/colegio\/wp-content\/uploads\/2022\/08\/4.-20220823_163006.jpg\" title=\"4.-20220823_163006\"><img loading=\"lazy\" decoding=\"async\" src=\"https:\/\/cnj.cl\/colegio\/wp-content\/uploads\/2022\/08\/4.-20220823_163006-250x240.jpg\" alt=\"4.-20220823_163006\" width=\"250\" height=\"240\" \/><span class=\"su-custom-gallery-title\">4.-20220823_163006<\/span><\/a><\/div><div class=\"su-custom-gallery-slide\"><a href=\"https:\/\/cnj.cl\/colegio\/wp-content\/uploads\/2022\/08\/5.-20220823_163148.jpg\" title=\"5.-20220823_163148\"><img loading=\"lazy\" decoding=\"async\" src=\"https:\/\/cnj.cl\/colegio\/wp-content\/uploads\/2022\/08\/5.-20220823_163148-250x240.jpg\" alt=\"5.-20220823_163148\" width=\"250\" height=\"240\" \/><span class=\"su-custom-gallery-title\">5.-20220823_163148<\/span><\/a><\/div><div class=\"su-custom-gallery-slide\"><a href=\"https:\/\/cnj.cl\/colegio\/wp-content\/uploads\/2022\/08\/6.-20220823_163332.jpg\" title=\"6.-20220823_163332\"><img loading=\"lazy\" decoding=\"async\" src=\"https:\/\/cnj.cl\/colegio\/wp-content\/uploads\/2022\/08\/6.-20220823_163332-250x240.jpg\" alt=\"6.-20220823_163332\" width=\"250\" height=\"240\" \/><span class=\"su-custom-gallery-title\">6.-20220823_163332<\/span><\/a><\/div><div class=\"su-custom-gallery-slide\"><a href=\"https:\/\/cnj.cl\/colegio\/wp-content\/uploads\/2022\/08\/7.-20220823_163529.jpg\" title=\"7.-20220823_163529\"><img loading=\"lazy\" decoding=\"async\" src=\"https:\/\/cnj.cl\/colegio\/wp-content\/uploads\/2022\/08\/7.-20220823_163529-250x240.jpg\" alt=\"7.-20220823_163529\" width=\"250\" height=\"240\" \/><span class=\"su-custom-gallery-title\">7.-20220823_163529<\/span><\/a><\/div><div class=\"su-custom-gallery-slide\"><a href=\"https:\/\/cnj.cl\/colegio\/wp-content\/uploads\/2022\/08\/8.-20220823_163711.jpg\" title=\"8.-20220823_163711\"><img loading=\"lazy\" decoding=\"async\" src=\"https:\/\/cnj.cl\/colegio\/wp-content\/uploads\/2022\/08\/8.-20220823_163711-250x240.jpg\" alt=\"8.-20220823_163711\" width=\"250\" height=\"240\" \/><span class=\"su-custom-gallery-title\">8.-20220823_163711<\/span><\/a><\/div><div class=\"su-custom-gallery-slide\"><a href=\"https:\/\/cnj.cl\/colegio\/wp-content\/uploads\/2022\/08\/9.-20220823_163915.jpg\" title=\"9.-20220823_163915\"><img loading=\"lazy\" decoding=\"async\" src=\"https:\/\/cnj.cl\/colegio\/wp-content\/uploads\/2022\/08\/9.-20220823_163915-250x240.jpg\" alt=\"9.-20220823_163915\" width=\"250\" height=\"240\" \/><span class=\"su-custom-gallery-title\">9.-20220823_163915<\/span><\/a><\/div><div class=\"su-custom-gallery-slide\"><a href=\"https:\/\/cnj.cl\/colegio\/wp-content\/uploads\/2022\/08\/10.-20220823_164109.jpg\" title=\"10.-20220823_164109\"><img loading=\"lazy\" decoding=\"async\" src=\"https:\/\/cnj.cl\/colegio\/wp-content\/uploads\/2022\/08\/10.-20220823_164109-250x240.jpg\" alt=\"10.-20220823_164109\" width=\"250\" height=\"240\" \/><span class=\"su-custom-gallery-title\">10.-20220823_164109<\/span><\/a><\/div><div class=\"su-custom-gallery-slide\"><a href=\"https:\/\/cnj.cl\/colegio\/wp-content\/uploads\/2022\/08\/11.-20220823_164514.jpg\" title=\"11.-20220823_164514\"><img loading=\"lazy\" decoding=\"async\" src=\"https:\/\/cnj.cl\/colegio\/wp-content\/uploads\/2022\/08\/11.-20220823_164514-250x240.jpg\" alt=\"11.-20220823_164514\" width=\"250\" height=\"240\" \/><span class=\"su-custom-gallery-title\">11.-20220823_164514<\/span><\/a><\/div><div class=\"su-custom-gallery-slide\"><a href=\"https:\/\/cnj.cl\/colegio\/wp-content\/uploads\/2022\/08\/12.-20220823_164640.jpg\" title=\"12.-20220823_164640\"><img loading=\"lazy\" decoding=\"async\" src=\"https:\/\/cnj.cl\/colegio\/wp-content\/uploads\/2022\/08\/12.-20220823_164640-250x240.jpg\" alt=\"12.-20220823_164640\" width=\"250\" height=\"240\" \/><span class=\"su-custom-gallery-title\">12.-20220823_164640<\/span><\/a><\/div><div class=\"su-custom-gallery-slide\"><a href=\"https:\/\/cnj.cl\/colegio\/wp-content\/uploads\/2022\/08\/13.-20220823_164746.jpg\" title=\"13.-20220823_164746\"><img loading=\"lazy\" decoding=\"async\" src=\"https:\/\/cnj.cl\/colegio\/wp-content\/uploads\/2022\/08\/13.-20220823_164746-250x240.jpg\" alt=\"13.-20220823_164746\" width=\"250\" height=\"240\" \/><span class=\"su-custom-gallery-title\">13.-20220823_164746<\/span><\/a><\/div><div class=\"su-custom-gallery-slide\"><a href=\"https:\/\/cnj.cl\/colegio\/wp-content\/uploads\/2022\/08\/14.-IMG-20220823-WA0026.jpg\" title=\"14.-IMG-20220823-WA0026\"><img loading=\"lazy\" decoding=\"async\" src=\"https:\/\/cnj.cl\/colegio\/wp-content\/uploads\/2022\/08\/14.-IMG-20220823-WA0026-250x240.jpg\" alt=\"14.-IMG-20220823-WA0026\" width=\"250\" height=\"240\" \/><span class=\"su-custom-gallery-title\">14.-IMG-20220823-WA0026<\/span><\/a><\/div><div class=\"su-custom-gallery-slide\"><a href=\"https:\/\/cnj.cl\/colegio\/wp-content\/uploads\/2022\/08\/15.-IMG-20220823-WA0031.jpg\" title=\"15.-IMG-20220823-WA0031\"><img loading=\"lazy\" decoding=\"async\" src=\"https:\/\/cnj.cl\/colegio\/wp-content\/uploads\/2022\/08\/15.-IMG-20220823-WA0031-250x240.jpg\" alt=\"15.-IMG-20220823-WA0031\" width=\"250\" height=\"240\" \/><span class=\"su-custom-gallery-title\">15.-IMG-20220823-WA0031<\/span><\/a><\/div><div class=\"su-custom-gallery-slide\"><a href=\"https:\/\/cnj.cl\/colegio\/wp-content\/uploads\/2022\/08\/16.-IMG-20220418-WA0011.jpg\" title=\"16.-IMG-20220418-WA0011\"><img loading=\"lazy\" decoding=\"async\" src=\"https:\/\/cnj.cl\/colegio\/wp-content\/uploads\/2022\/08\/16.-IMG-20220418-WA0011-250x240.jpg\" alt=\"16.-IMG-20220418-WA0011\" width=\"250\" height=\"240\" \/><span class=\"su-custom-gallery-title\">16.-IMG-20220418-WA0011<\/span><\/a><\/div><div class=\"su-custom-gallery-slide\"><a href=\"https:\/\/cnj.cl\/colegio\/wp-content\/uploads\/2022\/08\/17.-IMG-20220823-WA0018.jpg\" title=\"17.-IMG-20220823-WA0018\"><img loading=\"lazy\" decoding=\"async\" src=\"https:\/\/cnj.cl\/colegio\/wp-content\/uploads\/2022\/08\/17.-IMG-20220823-WA0018-250x240.jpg\" alt=\"17.-IMG-20220823-WA0018\" width=\"250\" height=\"240\" \/><span class=\"su-custom-gallery-title\">17.-IMG-20220823-WA0018<\/span><\/a><\/div><div class=\"su-clear\"><\/div><\/div>\n","protected":false},"excerpt":{"rendered":"<p>El martes 23 de agosto se efectu\u00f3 la premiaci\u00f3n de la \u201cPromoci\u00f3n de Sellos y Valores\u201d, acci\u00f3n perteneciente al Plan de Mejoramiento Educativo (PME) en la Dimensi\u00f3n Convivencia Escolar. Animan esta ceremonia la profesora encargada de Convivencia Escolar Sra. Dina Hidaldo y el profesor Dorian Garri, encargado del Departamento de Historia. Se destacan dos estudiantes por curso en el valor del amor definido en nuestro PEI como una fuerza de uni\u00f3n y armon\u00eda que mantiene la seguridad, confianza en s\u00ed mismo y alegr\u00eda al saberse importante, como parte del sello de Espiritualidad de la Encarnaci\u00f3n, que nos invita a adherirnos a los sentimientos, pensamientos y acciones de Jes\u00fas, para continuar su misi\u00f3n, siendo presencia de amor al Padre y los hermanos, aprendiendo a construir su vida sobre la base val\u00f3rica, que le permita relacionarse consigo mismo, con otros y la creaci\u00f3n, para contribuir a una sociedad m\u00e1s solidaria, justa y fraterna. Este valor forma parte de las virtudes de la Fundadora de la Congregaci\u00f3n Hnas. del Ni\u00f1o Jes\u00fas, Ana Mar\u00eda Martel. Su alegr\u00eda y amor a la vida; con un coraz\u00f3n que irradiaba caridad y ternura. Una joven con un alma de verdadera oraci\u00f3n. Un especial reconocimiento a la espiritualidad&#8230;.<\/p>\n","protected":false},"author":1,"featured_media":3731,"comment_status":"closed","ping_status":"closed","sticky":false,"template":"","format":"standard","meta":{"footnotes":"","_links_to":"","_links_to_target":""},"categories":[41,33],"tags":[],"class_list":["post-3716","post","type-post","status-publish","format-standard","has-post-thumbnail","hentry","category-destacado","category-noticias"],"_links":{"self":[{"href":"https:\/\/cnj.cl\/colegio\/wp-json\/wp\/v2\/posts\/3716","targetHints":{"allow":["GET"]}}],"collection":[{"href":"https:\/\/cnj.cl\/colegio\/wp-json\/wp\/v2\/posts"}],"about":[{"href":"https:\/\/cnj.cl\/colegio\/wp-json\/wp\/v2\/types\/post"}],"author":[{"embeddable":true,"href":"https:\/\/cnj.cl\/colegio\/wp-json\/wp\/v2\/users\/1"}],"replies":[{"embeddable":true,"href":"https:\/\/cnj.cl\/colegio\/wp-json\/wp\/v2\/comments?post=3716"}],"version-history":[{"count":1,"href":"https:\/\/cnj.cl\/colegio\/wp-json\/wp\/v2\/posts\/3716\/revisions"}],"predecessor-version":[{"id":3734,"href":"https:\/\/cnj.cl\/colegio\/wp-json\/wp\/v2\/posts\/3716\/revisions\/3734"}],"wp:featuredmedia":[{"embeddable":true,"href":"https:\/\/cnj.cl\/colegio\/wp-json\/wp\/v2\/media\/3731"}],"wp:attachment":[{"href":"https:\/\/cnj.cl\/colegio\/wp-json\/wp\/v2\/media?parent=3716"}],"wp:term":[{"taxonomy":"category","embeddable":true,"href":"https:\/\/cnj.cl\/colegio\/wp-json\/wp\/v2\/categories?post=3716"},{"taxonomy":"post_tag","embeddable":true,"href":"https:\/\/cnj.cl\/colegio\/wp-json\/wp\/v2\/tags?post=3716"}],"curies":[{"name":"wp","href":"https:\/\/api.w.org\/{rel}","templated":true}]}}