{"id":3859,"date":"2022-08-31T14:06:24","date_gmt":"2022-08-31T14:06:24","guid":{"rendered":"https:\/\/cnj.cl\/colegio\/?p=3859"},"modified":"2022-08-31T14:22:09","modified_gmt":"2022-08-31T14:22:09","slug":"dia-nacional-de-las-personas-sordas","status":"publish","type":"post","link":"https:\/\/cnj.cl\/colegio\/2022\/08\/31\/dia-nacional-de-las-personas-sordas\/","title":{"rendered":"D\u00eda nacional de las personas sordas"},"content":{"rendered":"<p>El Colegio Ni\u00f1o Jes\u00fas de Lota desde su Programa de Integraci\u00f3n Escolar (PIE) , env\u00eda un afectuoso saludo a toda la Comunidad Sorda de nuestro Pa\u00eds.<\/p>\n<p><em>\u00abEn nuestro pa\u00eds se conmemora el 31 de agosto, fecha en que el Estado chileno el a\u00f1o 2012, reconoce la \u201cLengua de Se\u00f1as\u201d, como el lenguaje de las personas sordas, como medio de comunicaci\u00f3n natural de la \u201cComunidad Sorda\u201d, generando cambios a nivel de acceso a la televisi\u00f3n con 100% lengua de se\u00f1as y subtitulado como medio complementario\u00bb.<\/em><\/p>\n<p>A continuaci\u00f3n les dejamos un video elaborado por el Equipo PIE promoviendo la diversidad y la inclusi\u00f3n en este especial d\u00eda.<\/p>\n<p><iframe loading=\"lazy\" title=\"YouTube video player\" src=\"https:\/\/www.youtube.com\/embed\/W_eWaawQ-3I\" width=\"560\" height=\"315\" frameborder=\"0\" allowfullscreen=\"allowfullscreen\"><\/iframe><\/p>\n","protected":false},"excerpt":{"rendered":"<p>El Colegio Ni\u00f1o Jes\u00fas de Lota desde su Programa de Integraci\u00f3n Escolar (PIE) , env\u00eda un afectuoso saludo a toda la Comunidad Sorda de nuestro Pa\u00eds. \u00abEn nuestro pa\u00eds se conmemora el 31 de agosto, fecha en que el Estado chileno el a\u00f1o 2012, reconoce la \u201cLengua de Se\u00f1as\u201d, como el lenguaje de las personas sordas, como medio de comunicaci\u00f3n natural de la \u201cComunidad Sorda\u201d, generando cambios a nivel de acceso a la televisi\u00f3n con 100% lengua de se\u00f1as y subtitulado como medio complementario\u00bb. A continuaci\u00f3n les dejamos un video elaborado por el Equipo PIE promoviendo la diversidad y la inclusi\u00f3n en este especial d\u00eda.<\/p>\n","protected":false},"author":1,"featured_media":3860,"comment_status":"closed","ping_status":"closed","sticky":false,"template":"","format":"standard","meta":{"footnotes":"","_links_to":"","_links_to_target":""},"categories":[41,33],"tags":[],"class_list":["post-3859","post","type-post","status-publish","format-standard","has-post-thumbnail","hentry","category-destacado","category-noticias"],"_links":{"self":[{"href":"https:\/\/cnj.cl\/colegio\/wp-json\/wp\/v2\/posts\/3859","targetHints":{"allow":["GET"]}}],"collection":[{"href":"https:\/\/cnj.cl\/colegio\/wp-json\/wp\/v2\/posts"}],"about":[{"href":"https:\/\/cnj.cl\/colegio\/wp-json\/wp\/v2\/types\/post"}],"author":[{"embeddable":true,"href":"https:\/\/cnj.cl\/colegio\/wp-json\/wp\/v2\/users\/1"}],"replies":[{"embeddable":true,"href":"https:\/\/cnj.cl\/colegio\/wp-json\/wp\/v2\/comments?post=3859"}],"version-history":[{"count":1,"href":"https:\/\/cnj.cl\/colegio\/wp-json\/wp\/v2\/posts\/3859\/revisions"}],"predecessor-version":[{"id":3861,"href":"https:\/\/cnj.cl\/colegio\/wp-json\/wp\/v2\/posts\/3859\/revisions\/3861"}],"wp:featuredmedia":[{"embeddable":true,"href":"https:\/\/cnj.cl\/colegio\/wp-json\/wp\/v2\/media\/3860"}],"wp:attachment":[{"href":"https:\/\/cnj.cl\/colegio\/wp-json\/wp\/v2\/media?parent=3859"}],"wp:term":[{"taxonomy":"category","embeddable":true,"href":"https:\/\/cnj.cl\/colegio\/wp-json\/wp\/v2\/categories?post=3859"},{"taxonomy":"post_tag","embeddable":true,"href":"https:\/\/cnj.cl\/colegio\/wp-json\/wp\/v2\/tags?post=3859"}],"curies":[{"name":"wp","href":"https:\/\/api.w.org\/{rel}","templated":true}]}}