{"id":4006,"date":"2022-09-08T19:52:40","date_gmt":"2022-09-08T19:52:40","guid":{"rendered":"https:\/\/cnj.cl\/colegio\/?p=4006"},"modified":"2022-09-08T19:53:03","modified_gmt":"2022-09-08T19:53:03","slug":"yo-opino-en-el-nivel-preescolar-2022","status":"publish","type":"post","link":"https:\/\/cnj.cl\/colegio\/2022\/09\/08\/yo-opino-en-el-nivel-preescolar-2022\/","title":{"rendered":"Yo Opino en el Nivel Preescolar &#8211; 2022"},"content":{"rendered":"<p style=\"text-align: justify;\">El 25 de agosto se realiz\u00f3 la actividad <strong>\u201cYO OPINO\u201d,<\/strong> que tiene como objetivo fundamental, desarrollar la habilidad de opinar de acuerdo al Programa de Formaci\u00f3n Ciudadana.<\/p>\n<p style=\"text-align: justify;\">El evento estuvo animado por el profesor Dorian Garri Sagredo, jefe del Depto. De Historia y encargado del Programa de Formaci\u00f3n Ciudadana del Colegio Ni\u00f1o Jes\u00fas.<\/p>\n<p style=\"text-align: justify;\">En la coordinaci\u00f3n participaron la profesora Dina Hidalgo Gonz\u00e1lez, Encargada de Convivencia Escolar y Diego Gonz\u00e1lez Vel\u00e1squez, Trabajador Social.<\/p>\n<p style=\"text-align: justify;\">Mediante actividades l\u00fadicas se busca promover la opini\u00f3n personal de cada uno de los participantes, desarrollar una actitud cr\u00edtica frente a diversas situaciones de la vida cotidiana.<\/p>\n<p style=\"text-align: justify;\">El contexto en el cual se enmarca la actividad es el <strong>\u201cEl acoso Escolar\u201d,<\/strong> tema tan relevante en estos d\u00edas, con el prop\u00f3sito de promover una sana convivencia.<\/p>\n<div class=\"su-custom-gallery su-custom-gallery-title-never su-lightbox-gallery\"><div class=\"su-custom-gallery-slide\"><a href=\"https:\/\/cnj.cl\/colegio\/wp-content\/uploads\/2022\/09\/1.-IMG-20220825-WA0041.jpg\" title=\"1.-IMG-20220825-WA0041\"><img loading=\"lazy\" decoding=\"async\" src=\"https:\/\/cnj.cl\/colegio\/wp-content\/uploads\/2022\/09\/1.-IMG-20220825-WA0041-250x240.jpg\" alt=\"1.-IMG-20220825-WA0041\" width=\"250\" height=\"240\" \/><span class=\"su-custom-gallery-title\">1.-IMG-20220825-WA0041<\/span><\/a><\/div><div class=\"su-custom-gallery-slide\"><a href=\"https:\/\/cnj.cl\/colegio\/wp-content\/uploads\/2022\/09\/IMG-20220825-WA0026.jpg\" title=\"IMG-20220825-WA0026\"><img loading=\"lazy\" decoding=\"async\" src=\"https:\/\/cnj.cl\/colegio\/wp-content\/uploads\/2022\/09\/IMG-20220825-WA0026-250x240.jpg\" alt=\"IMG-20220825-WA0026\" width=\"250\" height=\"240\" \/><span class=\"su-custom-gallery-title\">IMG-20220825-WA0026<\/span><\/a><\/div><div class=\"su-custom-gallery-slide\"><a href=\"https:\/\/cnj.cl\/colegio\/wp-content\/uploads\/2022\/09\/IMG-20220825-WA0027.jpg\" title=\"IMG-20220825-WA0027\"><img loading=\"lazy\" decoding=\"async\" src=\"https:\/\/cnj.cl\/colegio\/wp-content\/uploads\/2022\/09\/IMG-20220825-WA0027-250x240.jpg\" alt=\"IMG-20220825-WA0027\" width=\"250\" height=\"240\" \/><span class=\"su-custom-gallery-title\">IMG-20220825-WA0027<\/span><\/a><\/div><div class=\"su-custom-gallery-slide\"><a href=\"https:\/\/cnj.cl\/colegio\/wp-content\/uploads\/2022\/09\/IMG-20220825-WA0029.jpg\" title=\"IMG-20220825-WA0029\"><img loading=\"lazy\" decoding=\"async\" src=\"https:\/\/cnj.cl\/colegio\/wp-content\/uploads\/2022\/09\/IMG-20220825-WA0029-250x240.jpg\" alt=\"IMG-20220825-WA0029\" width=\"250\" height=\"240\" \/><span class=\"su-custom-gallery-title\">IMG-20220825-WA0029<\/span><\/a><\/div><div class=\"su-custom-gallery-slide\"><a href=\"https:\/\/cnj.cl\/colegio\/wp-content\/uploads\/2022\/09\/IMG-20220825-WA0031.jpg\" title=\"IMG-20220825-WA0031\"><img loading=\"lazy\" decoding=\"async\" src=\"https:\/\/cnj.cl\/colegio\/wp-content\/uploads\/2022\/09\/IMG-20220825-WA0031-250x240.jpg\" alt=\"IMG-20220825-WA0031\" width=\"250\" height=\"240\" \/><span class=\"su-custom-gallery-title\">IMG-20220825-WA0031<\/span><\/a><\/div><div class=\"su-custom-gallery-slide\"><a href=\"https:\/\/cnj.cl\/colegio\/wp-content\/uploads\/2022\/09\/IMG-20220825-WA0032.jpg\" title=\"IMG-20220825-WA0032\"><img loading=\"lazy\" decoding=\"async\" src=\"https:\/\/cnj.cl\/colegio\/wp-content\/uploads\/2022\/09\/IMG-20220825-WA0032-250x240.jpg\" alt=\"IMG-20220825-WA0032\" width=\"250\" height=\"240\" \/><span class=\"su-custom-gallery-title\">IMG-20220825-WA0032<\/span><\/a><\/div><div class=\"su-custom-gallery-slide\"><a href=\"https:\/\/cnj.cl\/colegio\/wp-content\/uploads\/2022\/09\/IMG-20220825-WA0033.jpg\" title=\"IMG-20220825-WA0033\"><img loading=\"lazy\" decoding=\"async\" src=\"https:\/\/cnj.cl\/colegio\/wp-content\/uploads\/2022\/09\/IMG-20220825-WA0033-250x240.jpg\" alt=\"IMG-20220825-WA0033\" width=\"250\" height=\"240\" \/><span class=\"su-custom-gallery-title\">IMG-20220825-WA0033<\/span><\/a><\/div><div class=\"su-custom-gallery-slide\"><a href=\"https:\/\/cnj.cl\/colegio\/wp-content\/uploads\/2022\/09\/IMG-20220825-WA0038.jpg\" title=\"IMG-20220825-WA0038\"><img loading=\"lazy\" decoding=\"async\" src=\"https:\/\/cnj.cl\/colegio\/wp-content\/uploads\/2022\/09\/IMG-20220825-WA0038-250x240.jpg\" alt=\"IMG-20220825-WA0038\" width=\"250\" height=\"240\" \/><span class=\"su-custom-gallery-title\">IMG-20220825-WA0038<\/span><\/a><\/div><div class=\"su-custom-gallery-slide\"><a href=\"https:\/\/cnj.cl\/colegio\/wp-content\/uploads\/2022\/09\/IMG-20220825-WA0042.jpg\" title=\"IMG-20220825-WA0042\"><img loading=\"lazy\" decoding=\"async\" src=\"https:\/\/cnj.cl\/colegio\/wp-content\/uploads\/2022\/09\/IMG-20220825-WA0042-250x240.jpg\" alt=\"IMG-20220825-WA0042\" width=\"250\" height=\"240\" \/><span class=\"su-custom-gallery-title\">IMG-20220825-WA0042<\/span><\/a><\/div><div class=\"su-custom-gallery-slide\"><a href=\"https:\/\/cnj.cl\/colegio\/wp-content\/uploads\/2022\/09\/IMG-20220825-WA0043.jpg\" title=\"IMG-20220825-WA0043\"><img loading=\"lazy\" decoding=\"async\" src=\"https:\/\/cnj.cl\/colegio\/wp-content\/uploads\/2022\/09\/IMG-20220825-WA0043-250x240.jpg\" alt=\"IMG-20220825-WA0043\" width=\"250\" height=\"240\" \/><span class=\"su-custom-gallery-title\">IMG-20220825-WA0043<\/span><\/a><\/div><div class=\"su-custom-gallery-slide\"><a href=\"https:\/\/cnj.cl\/colegio\/wp-content\/uploads\/2022\/09\/IMG-20220825-WA0044.jpg\" title=\"IMG-20220825-WA0044\"><img loading=\"lazy\" decoding=\"async\" src=\"https:\/\/cnj.cl\/colegio\/wp-content\/uploads\/2022\/09\/IMG-20220825-WA0044-250x240.jpg\" alt=\"IMG-20220825-WA0044\" width=\"250\" height=\"240\" \/><span class=\"su-custom-gallery-title\">IMG-20220825-WA0044<\/span><\/a><\/div><div class=\"su-custom-gallery-slide\"><a href=\"https:\/\/cnj.cl\/colegio\/wp-content\/uploads\/2022\/09\/IMG-20220825-WA0047.jpg\" title=\"IMG-20220825-WA0047\"><img loading=\"lazy\" decoding=\"async\" src=\"https:\/\/cnj.cl\/colegio\/wp-content\/uploads\/2022\/09\/IMG-20220825-WA0047-250x240.jpg\" alt=\"IMG-20220825-WA0047\" width=\"250\" height=\"240\" \/><span class=\"su-custom-gallery-title\">IMG-20220825-WA0047<\/span><\/a><\/div><div class=\"su-custom-gallery-slide\"><a href=\"https:\/\/cnj.cl\/colegio\/wp-content\/uploads\/2022\/09\/IMG-20220825-WA0049.jpg\" title=\"IMG-20220825-WA0049\"><img loading=\"lazy\" decoding=\"async\" src=\"https:\/\/cnj.cl\/colegio\/wp-content\/uploads\/2022\/09\/IMG-20220825-WA0049-250x240.jpg\" alt=\"IMG-20220825-WA0049\" width=\"250\" height=\"240\" \/><span class=\"su-custom-gallery-title\">IMG-20220825-WA0049<\/span><\/a><\/div><div class=\"su-custom-gallery-slide\"><a href=\"https:\/\/cnj.cl\/colegio\/wp-content\/uploads\/2022\/09\/IMG-20220825-WA0050.jpg\" title=\"IMG-20220825-WA0050\"><img loading=\"lazy\" decoding=\"async\" src=\"https:\/\/cnj.cl\/colegio\/wp-content\/uploads\/2022\/09\/IMG-20220825-WA0050-250x240.jpg\" alt=\"IMG-20220825-WA0050\" width=\"250\" height=\"240\" \/><span class=\"su-custom-gallery-title\">IMG-20220825-WA0050<\/span><\/a><\/div><div class=\"su-clear\"><\/div><\/div>\n","protected":false},"excerpt":{"rendered":"<p>El 25 de agosto se realiz\u00f3 la actividad \u201cYO OPINO\u201d, que tiene como objetivo fundamental, desarrollar la habilidad de opinar de acuerdo al Programa de Formaci\u00f3n Ciudadana. El evento estuvo animado por el profesor Dorian Garri Sagredo, jefe del Depto. De Historia y encargado del Programa de Formaci\u00f3n Ciudadana del Colegio Ni\u00f1o Jes\u00fas. En la coordinaci\u00f3n participaron la profesora Dina Hidalgo Gonz\u00e1lez, Encargada de Convivencia Escolar y Diego Gonz\u00e1lez Vel\u00e1squez, Trabajador Social. Mediante actividades l\u00fadicas se busca promover la opini\u00f3n personal de cada uno de los participantes, desarrollar una actitud cr\u00edtica frente a diversas situaciones de la vida cotidiana. El contexto en el cual se enmarca la actividad es el \u201cEl acoso Escolar\u201d, tema tan relevante en estos d\u00edas, con el prop\u00f3sito de promover una sana convivencia.<\/p>\n","protected":false},"author":1,"featured_media":4007,"comment_status":"closed","ping_status":"closed","sticky":false,"template":"","format":"standard","meta":{"footnotes":"","_links_to":"","_links_to_target":""},"categories":[41,33],"tags":[],"class_list":["post-4006","post","type-post","status-publish","format-standard","has-post-thumbnail","hentry","category-destacado","category-noticias"],"_links":{"self":[{"href":"https:\/\/cnj.cl\/colegio\/wp-json\/wp\/v2\/posts\/4006","targetHints":{"allow":["GET"]}}],"collection":[{"href":"https:\/\/cnj.cl\/colegio\/wp-json\/wp\/v2\/posts"}],"about":[{"href":"https:\/\/cnj.cl\/colegio\/wp-json\/wp\/v2\/types\/post"}],"author":[{"embeddable":true,"href":"https:\/\/cnj.cl\/colegio\/wp-json\/wp\/v2\/users\/1"}],"replies":[{"embeddable":true,"href":"https:\/\/cnj.cl\/colegio\/wp-json\/wp\/v2\/comments?post=4006"}],"version-history":[{"count":1,"href":"https:\/\/cnj.cl\/colegio\/wp-json\/wp\/v2\/posts\/4006\/revisions"}],"predecessor-version":[{"id":4021,"href":"https:\/\/cnj.cl\/colegio\/wp-json\/wp\/v2\/posts\/4006\/revisions\/4021"}],"wp:featuredmedia":[{"embeddable":true,"href":"https:\/\/cnj.cl\/colegio\/wp-json\/wp\/v2\/media\/4007"}],"wp:attachment":[{"href":"https:\/\/cnj.cl\/colegio\/wp-json\/wp\/v2\/media?parent=4006"}],"wp:term":[{"taxonomy":"category","embeddable":true,"href":"https:\/\/cnj.cl\/colegio\/wp-json\/wp\/v2\/categories?post=4006"},{"taxonomy":"post_tag","embeddable":true,"href":"https:\/\/cnj.cl\/colegio\/wp-json\/wp\/v2\/tags?post=4006"}],"curies":[{"name":"wp","href":"https:\/\/api.w.org\/{rel}","templated":true}]}}