{"id":5787,"date":"2023-02-26T16:14:29","date_gmt":"2023-02-26T16:14:29","guid":{"rendered":"https:\/\/cnj.cl\/colegio\/?p=5787"},"modified":"2023-02-26T16:14:48","modified_gmt":"2023-02-26T16:14:48","slug":"colegio-nino-jesus-informa-inicio-de-ano-escolar-2023","status":"publish","type":"post","link":"https:\/\/cnj.cl\/colegio\/2023\/02\/26\/colegio-nino-jesus-informa-inicio-de-ano-escolar-2023\/","title":{"rendered":"COLEGIO NI\u00d1O JES\u00daS INFORMA INICIO DE A\u00d1O ESCOLAR 2023"},"content":{"rendered":"<p><strong>Estimados padres y apoderados:<\/strong><\/p>\n<p>Junto con saludar muy cordialmente, informamos que el inicio de las actividades acad\u00e9micas est\u00e1 programada para el d\u00eda <strong><em>Viernes 03 de Marzo<\/em><\/strong>. Los horarios ser\u00e1n los siguientes:<\/p>\n<p><strong>PRIMER Y SEGUNDO CICLO: <\/strong><\/p>\n<p>Ingreso: 08.00 \u2013 \u00a0Salida: 13.00 hrs.<\/p>\n<p><strong>PRE KINDER: <\/strong><\/p>\n<p>Ingreso: 14.00 hrs. \u2013 Salida: 16.00 hrs.<\/p>\n<p><strong>KINDER: <\/strong><\/p>\n<p>Ingreso: 08.30 \u2013 Salida: 11.00 hrs.<\/p>\n<p><strong>NOTA:<\/strong> A partir del Lunes 06 de marzo, las clases para el primer y segundo Ciclo, ser\u00e1n en horarios normales (Con JEC y sin JEC).<\/p>\n<p>&nbsp;<\/p>\n<p><strong>HORARIO PER\u00cdODO DE ADAPTACI\u00d3N PARA EL NIVEL PRE ESCOLAR DURANTE EL MES DE MARZO 2023:<\/strong><\/p>\n<p><strong>Prekinder<\/strong>:<\/p>\n<ul>\n<li>03 al 10 de marzo: ingreso 14.00 salida 16:00 horas.<\/li>\n<li>13 al 17 de marzo: ingreso 14.00 salida 16:30 horas.<\/li>\n<li>20 al 24 de marzo : ingreso 14.00 salida 17:00 horas.<\/li>\n<li>27 al 31 de marzo: ingreso 14.00 salida 17:45 horas.<\/li>\n<\/ul>\n<p><strong>Kinder:<\/strong><\/p>\n<ul>\n<li>06 al 10 de marzo: ingreso 8:30 salida 11:30.<\/li>\n<li>Horario normal desde el 13 de marzo en adelante, ingreso 8:30 salida 12:30.<\/li>\n<\/ul>\n<p><strong>Cualquier modificaci\u00f3n de horario durante el per\u00edodo de adaptaci\u00f3n ser\u00e1 informado por las Educadoras de cada curso.<\/strong><\/p>\n<p style=\"text-align: center;\"><em><strong>ATTE.<\/strong><\/em><\/p>\n<p style=\"text-align: center;\"><em><strong>EQUIPO DE GESTI\u00d3N CNJ<\/strong><\/em><\/p>\n","protected":false},"excerpt":{"rendered":"<p>Estimados padres y apoderados: Junto con saludar muy cordialmente, informamos que el inicio de las actividades acad\u00e9micas est\u00e1 programada para el d\u00eda Viernes 03 de Marzo. Los horarios ser\u00e1n los siguientes: PRIMER Y SEGUNDO CICLO: Ingreso: 08.00 \u2013 \u00a0Salida: 13.00 hrs. PRE KINDER: Ingreso: 14.00 hrs. \u2013 Salida: 16.00 hrs. KINDER: Ingreso: 08.30 \u2013 Salida: 11.00 hrs. NOTA: A partir del Lunes 06 de marzo, las clases para el primer y segundo Ciclo, ser\u00e1n en horarios normales (Con JEC y sin JEC). &nbsp; HORARIO PER\u00cdODO DE ADAPTACI\u00d3N PARA EL NIVEL PRE ESCOLAR DURANTE EL MES DE MARZO 2023: Prekinder: 03 al 10 de marzo: ingreso 14.00 salida 16:00 horas. 13 al 17 de marzo: ingreso 14.00 salida 16:30 horas. 20 al 24 de marzo : ingreso 14.00 salida 17:00 horas. 27 al 31 de marzo: ingreso 14.00 salida 17:45 horas. Kinder: 06 al 10 de marzo: ingreso 8:30 salida 11:30. Horario normal desde el 13 de marzo en adelante, ingreso 8:30 salida 12:30. Cualquier modificaci\u00f3n de horario durante el per\u00edodo de adaptaci\u00f3n ser\u00e1 informado por las Educadoras de cada curso. ATTE. EQUIPO DE GESTI\u00d3N CNJ<\/p>\n","protected":false},"author":1,"featured_media":5788,"comment_status":"closed","ping_status":"closed","sticky":false,"template":"","format":"standard","meta":{"footnotes":"","_links_to":"","_links_to_target":""},"categories":[41,33],"tags":[],"class_list":["post-5787","post","type-post","status-publish","format-standard","has-post-thumbnail","hentry","category-destacado","category-noticias"],"_links":{"self":[{"href":"https:\/\/cnj.cl\/colegio\/wp-json\/wp\/v2\/posts\/5787","targetHints":{"allow":["GET"]}}],"collection":[{"href":"https:\/\/cnj.cl\/colegio\/wp-json\/wp\/v2\/posts"}],"about":[{"href":"https:\/\/cnj.cl\/colegio\/wp-json\/wp\/v2\/types\/post"}],"author":[{"embeddable":true,"href":"https:\/\/cnj.cl\/colegio\/wp-json\/wp\/v2\/users\/1"}],"replies":[{"embeddable":true,"href":"https:\/\/cnj.cl\/colegio\/wp-json\/wp\/v2\/comments?post=5787"}],"version-history":[{"count":2,"href":"https:\/\/cnj.cl\/colegio\/wp-json\/wp\/v2\/posts\/5787\/revisions"}],"predecessor-version":[{"id":5790,"href":"https:\/\/cnj.cl\/colegio\/wp-json\/wp\/v2\/posts\/5787\/revisions\/5790"}],"wp:featuredmedia":[{"embeddable":true,"href":"https:\/\/cnj.cl\/colegio\/wp-json\/wp\/v2\/media\/5788"}],"wp:attachment":[{"href":"https:\/\/cnj.cl\/colegio\/wp-json\/wp\/v2\/media?parent=5787"}],"wp:term":[{"taxonomy":"category","embeddable":true,"href":"https:\/\/cnj.cl\/colegio\/wp-json\/wp\/v2\/categories?post=5787"},{"taxonomy":"post_tag","embeddable":true,"href":"https:\/\/cnj.cl\/colegio\/wp-json\/wp\/v2\/tags?post=5787"}],"curies":[{"name":"wp","href":"https:\/\/api.w.org\/{rel}","templated":true}]}}