{"id":5801,"date":"2023-03-02T14:17:34","date_gmt":"2023-03-02T14:17:34","guid":{"rendered":"https:\/\/cnj.cl\/colegio\/?p=5801"},"modified":"2023-03-02T15:03:09","modified_gmt":"2023-03-02T15:03:09","slug":"comunicado","status":"publish","type":"post","link":"https:\/\/cnj.cl\/colegio\/2023\/03\/02\/comunicado\/","title":{"rendered":"COMUNICADO"},"content":{"rendered":"<p><img loading=\"lazy\" decoding=\"async\" class=\"aligncenter size-full wp-image-5802\" src=\"https:\/\/cnj.cl\/colegio\/wp-content\/uploads\/2023\/03\/fallecimiento.jpg\" alt=\"\" width=\"646\" height=\"430\" srcset=\"https:\/\/cnj.cl\/colegio\/wp-content\/uploads\/2023\/03\/fallecimiento.jpg 646w, https:\/\/cnj.cl\/colegio\/wp-content\/uploads\/2023\/03\/fallecimiento-300x200.jpg 300w\" sizes=\"auto, (max-width: 646px) 100vw, 646px\" \/><\/p>\n<p style=\"text-align: justify;\"><strong>Estimada Comunidad Educativa Colegio Ni\u00f1o Jes\u00fas:<\/strong><\/p>\n<p style=\"text-align: justify;\">Los saludo con especial afecto. El motivo de este comunicado, es para informarles, que el pap\u00e1 de nuestra Hna. Pilar Salazar Pascal, Sr. Roberto Salazar ha partido a la casa del Padre.<\/p>\n<p style=\"text-align: justify;\">Anoche a las 22.00 hrs. el Se\u00f1or lo llam\u00f3 a su lado.<\/p>\n<p style=\"text-align: justify;\">Don Roberto naci\u00f3 en la comuna de Ca\u00f1ete en el a\u00f1o1930. El 16 de Diciembre de 1951 se uni\u00f3 en matrimonio con do\u00f1a Juanita Pascal, quien le sobrevive en la actualidad.<\/p>\n<p style=\"text-align: justify;\">Como comunidad creyente, nos unimos en oraci\u00f3n por el descanso eterno de don Roberto. Imploramos al Dios de la vida que acompa\u00f1e y les de el consuelo a toda la familia de Hna. Pilar, especialmente rezamos por su madre, para que Dios sea su fortaleza y esperanza.<\/p>\n<p style=\"text-align: justify;\">Por lo antes se\u00f1alado, nuestro colegio permanecer\u00e1 cerrado desde las 11.00 del d\u00eda de Hoy. Ma\u00f1ana retomaremos nuestras actividades normales y daremos inicio al a\u00f1o escolar 2023.<\/p>\n<p style=\"text-align: justify;\">Atte.<\/p>\n<p style=\"text-align: center;\"><strong>\u00d3scar B\u00f3rquez L.<\/strong><\/p>\n<p style=\"text-align: center;\">Director Colegio Ni\u00f1o Jes\u00fas<\/p>\n<p style=\"text-align: center;\">Lota, jueves 02 de marzo de 2023<\/p>\n","protected":false},"excerpt":{"rendered":"<p>Estimada Comunidad Educativa Colegio Ni\u00f1o Jes\u00fas: Los saludo con especial afecto. El motivo de este comunicado, es para informarles, que el pap\u00e1 de nuestra Hna. Pilar Salazar Pascal, Sr. Roberto Salazar ha partido a la casa del Padre. Anoche a las 22.00 hrs. el Se\u00f1or lo llam\u00f3 a su lado. Don Roberto naci\u00f3 en la comuna de Ca\u00f1ete en el a\u00f1o1930. El 16 de Diciembre de 1951 se uni\u00f3 en matrimonio con do\u00f1a Juanita Pascal, quien le sobrevive en la actualidad. Como comunidad creyente, nos unimos en oraci\u00f3n por el descanso eterno de don Roberto. Imploramos al Dios de la vida que acompa\u00f1e y les de el consuelo a toda la familia de Hna. Pilar, especialmente rezamos por su madre, para que Dios sea su fortaleza y esperanza. Por lo antes se\u00f1alado, nuestro colegio permanecer\u00e1 cerrado desde las 11.00 del d\u00eda de Hoy. Ma\u00f1ana retomaremos nuestras actividades normales y daremos inicio al a\u00f1o escolar 2023. Atte. \u00d3scar B\u00f3rquez L. Director Colegio Ni\u00f1o Jes\u00fas Lota, jueves 02 de marzo de 2023<\/p>\n","protected":false},"author":1,"featured_media":5802,"comment_status":"closed","ping_status":"closed","sticky":false,"template":"","format":"standard","meta":{"footnotes":"","_links_to":"","_links_to_target":""},"categories":[41,33],"tags":[],"class_list":["post-5801","post","type-post","status-publish","format-standard","has-post-thumbnail","hentry","category-destacado","category-noticias"],"_links":{"self":[{"href":"https:\/\/cnj.cl\/colegio\/wp-json\/wp\/v2\/posts\/5801","targetHints":{"allow":["GET"]}}],"collection":[{"href":"https:\/\/cnj.cl\/colegio\/wp-json\/wp\/v2\/posts"}],"about":[{"href":"https:\/\/cnj.cl\/colegio\/wp-json\/wp\/v2\/types\/post"}],"author":[{"embeddable":true,"href":"https:\/\/cnj.cl\/colegio\/wp-json\/wp\/v2\/users\/1"}],"replies":[{"embeddable":true,"href":"https:\/\/cnj.cl\/colegio\/wp-json\/wp\/v2\/comments?post=5801"}],"version-history":[{"count":3,"href":"https:\/\/cnj.cl\/colegio\/wp-json\/wp\/v2\/posts\/5801\/revisions"}],"predecessor-version":[{"id":5805,"href":"https:\/\/cnj.cl\/colegio\/wp-json\/wp\/v2\/posts\/5801\/revisions\/5805"}],"wp:featuredmedia":[{"embeddable":true,"href":"https:\/\/cnj.cl\/colegio\/wp-json\/wp\/v2\/media\/5802"}],"wp:attachment":[{"href":"https:\/\/cnj.cl\/colegio\/wp-json\/wp\/v2\/media?parent=5801"}],"wp:term":[{"taxonomy":"category","embeddable":true,"href":"https:\/\/cnj.cl\/colegio\/wp-json\/wp\/v2\/categories?post=5801"},{"taxonomy":"post_tag","embeddable":true,"href":"https:\/\/cnj.cl\/colegio\/wp-json\/wp\/v2\/tags?post=5801"}],"curies":[{"name":"wp","href":"https:\/\/api.w.org\/{rel}","templated":true}]}}