{"id":5813,"date":"2023-03-06T16:09:53","date_gmt":"2023-03-06T16:09:53","guid":{"rendered":"https:\/\/cnj.cl\/colegio\/?p=5813"},"modified":"2023-03-06T16:10:59","modified_gmt":"2023-03-06T16:10:59","slug":"unidad-educativa-colegio-nino-jesus","status":"publish","type":"post","link":"https:\/\/cnj.cl\/colegio\/2023\/03\/06\/unidad-educativa-colegio-nino-jesus\/","title":{"rendered":"COMUNIDAD EDUCATIVA COLEGIO NI\u00d1O JES\u00daS"},"content":{"rendered":"<p style=\"text-align: justify;\">Reciban un afectuoso saludo en este nuevo a\u00f1o escolar 2023. Espero que hayan podido tener un hermoso tiempo de encuentro en familia, con amigos y sus seres queridos.<\/p>\n<p style=\"text-align: justify;\">Saludamos de manera muy especial a todas las familias que se integran a nuestro Proyecto Educativo Institucional, proyecto que se fundamenta en la mirada educativa y apost\u00f3lica, que las religiosas de la Congregaci\u00f3n Hermanas del Ni\u00f1o Jes\u00fas, so\u00f1aron para Lota.<\/p>\n<p style=\"text-align: justify;\">Nuestro colegio cumpli\u00f3 105 a\u00f1os al servicio de la educaci\u00f3n, formaci\u00f3n y misi\u00f3n en nuestro querido Lota y sus alrededores.<\/p>\n<p style=\"text-align: justify;\">Es por eso que, a toda la comunidad educativa, pero de manera muy particular a los nuevos estudiantes, queremos invitarlos a vivir este a\u00f1o acad\u00e9mico de una manera especial, pensando siempre en aprender cada d\u00eda m\u00e1s, creyendo en ustedes y en su inteligencia; confiando en todas las capacidades y dones que el Se\u00f1or les otorg\u00f3, esforz\u00e1ndose por cultivar los valores cristianos que nos humanizan en la relaci\u00f3n con el otro, en concreto: con los compa\u00f1eros, profesores, asistentes de la educaci\u00f3n y toda la comunidad educativa.<\/p>\n<p style=\"text-align: justify;\">Finalmente, le pedimos a nuestro Padre Dios que por intercesi\u00f3n de nuestra fundadora Ana Mar\u00eda Martel, podamos tener un a\u00f1o escolar tranquilo, cautivante, desafiante y lleno de esperanza. As\u00ed mismo, que en los momentos dif\u00edciles que tengamos que transitar, podamos acompa\u00f1arnos y apoyarnos como comunidad, pensando siempre en nuestros estudiantes, en su proceso de formaci\u00f3n y estudio.<\/p>\n<p style=\"text-align: justify;\">Que el Se\u00f1or Jes\u00fas sea el pilar que sostenga nuestros sue\u00f1os y proyectos en este nuevo a\u00f1o escolar que iniciamos.<\/p>\n<p style=\"text-align: center;\"><strong>\u00d3scar B\u00f3rquez L\u00f3pez<\/strong><\/p>\n<p style=\"text-align: center;\"><strong>Director Colegio Ni\u00f1o Jes\u00fas<em>\u00a0\u00a0\u00a0\u00a0 <\/em><\/strong><\/p>\n","protected":false},"excerpt":{"rendered":"<p>Reciban un afectuoso saludo en este nuevo a\u00f1o escolar 2023. Espero que hayan podido tener un hermoso tiempo de encuentro en familia, con amigos y sus seres queridos. Saludamos de manera muy especial a todas las familias que se integran a nuestro Proyecto Educativo Institucional, proyecto que se fundamenta en la mirada educativa y apost\u00f3lica, que las religiosas de la Congregaci\u00f3n Hermanas del Ni\u00f1o Jes\u00fas, so\u00f1aron para Lota. Nuestro colegio cumpli\u00f3 105 a\u00f1os al servicio de la educaci\u00f3n, formaci\u00f3n y misi\u00f3n en nuestro querido Lota y sus alrededores. Es por eso que, a toda la comunidad educativa, pero de manera muy particular a los nuevos estudiantes, queremos invitarlos a vivir este a\u00f1o acad\u00e9mico de una manera especial, pensando siempre en aprender cada d\u00eda m\u00e1s, creyendo en ustedes y en su inteligencia; confiando en todas las capacidades y dones que el Se\u00f1or les otorg\u00f3, esforz\u00e1ndose por cultivar los valores cristianos que nos humanizan en la relaci\u00f3n con el otro, en concreto: con los compa\u00f1eros, profesores, asistentes de la educaci\u00f3n y toda la comunidad educativa. Finalmente, le pedimos a nuestro Padre Dios que por intercesi\u00f3n de nuestra fundadora Ana Mar\u00eda Martel, podamos tener un a\u00f1o escolar tranquilo, cautivante, desafiante y lleno de&#8230;.<\/p>\n","protected":false},"author":1,"featured_media":5814,"comment_status":"closed","ping_status":"closed","sticky":false,"template":"","format":"standard","meta":{"footnotes":"","_links_to":"","_links_to_target":""},"categories":[41,33],"tags":[],"class_list":["post-5813","post","type-post","status-publish","format-standard","has-post-thumbnail","hentry","category-destacado","category-noticias"],"_links":{"self":[{"href":"https:\/\/cnj.cl\/colegio\/wp-json\/wp\/v2\/posts\/5813","targetHints":{"allow":["GET"]}}],"collection":[{"href":"https:\/\/cnj.cl\/colegio\/wp-json\/wp\/v2\/posts"}],"about":[{"href":"https:\/\/cnj.cl\/colegio\/wp-json\/wp\/v2\/types\/post"}],"author":[{"embeddable":true,"href":"https:\/\/cnj.cl\/colegio\/wp-json\/wp\/v2\/users\/1"}],"replies":[{"embeddable":true,"href":"https:\/\/cnj.cl\/colegio\/wp-json\/wp\/v2\/comments?post=5813"}],"version-history":[{"count":3,"href":"https:\/\/cnj.cl\/colegio\/wp-json\/wp\/v2\/posts\/5813\/revisions"}],"predecessor-version":[{"id":5817,"href":"https:\/\/cnj.cl\/colegio\/wp-json\/wp\/v2\/posts\/5813\/revisions\/5817"}],"wp:featuredmedia":[{"embeddable":true,"href":"https:\/\/cnj.cl\/colegio\/wp-json\/wp\/v2\/media\/5814"}],"wp:attachment":[{"href":"https:\/\/cnj.cl\/colegio\/wp-json\/wp\/v2\/media?parent=5813"}],"wp:term":[{"taxonomy":"category","embeddable":true,"href":"https:\/\/cnj.cl\/colegio\/wp-json\/wp\/v2\/categories?post=5813"},{"taxonomy":"post_tag","embeddable":true,"href":"https:\/\/cnj.cl\/colegio\/wp-json\/wp\/v2\/tags?post=5813"}],"curies":[{"name":"wp","href":"https:\/\/api.w.org\/{rel}","templated":true}]}}