{"id":5899,"date":"2023-03-16T13:20:22","date_gmt":"2023-03-16T13:20:22","guid":{"rendered":"https:\/\/cnj.cl\/colegio\/?p=5899"},"modified":"2023-03-16T13:21:31","modified_gmt":"2023-03-16T13:21:31","slug":"carta-informativa-de-vacunacion-campana-influenza-2023","status":"publish","type":"post","link":"https:\/\/cnj.cl\/colegio\/2023\/03\/16\/carta-informativa-de-vacunacion-campana-influenza-2023\/","title":{"rendered":"Carta Informativa de Vacunaci\u00f3n Campa\u00f1a Influenza 2023"},"content":{"rendered":"<p style=\"text-align: justify;\"><span class=\"Apple-converted-space\">\u00a0<\/span><b>Estimados Directores &#8211; Padres y\/o apoderados<span class=\"Apple-converted-space\">\u00a0<\/span><\/b><\/p>\n<p style=\"text-align: justify;\">Junto con saludarles informo a ustedes, que se iniciar\u00e1 desde el 15 de marzo, la vacunaci\u00f3n Influenza correspondiente al a\u00f1o 2023, siendo la primera actividad del ministerio de salud en el contexto Campa\u00f1a de Invierno. Esta es una medida instruida por la autoridad de salud p\u00fablica y su aplicaci\u00f3n tiene car\u00e1cter OBLIGATORIO, por lo que no es necesaria la autorizaci\u00f3n por medio de firma de consentimiento informado de los padres y\/o apoderados.<span class=\"Apple-converted-space\">\u00a0<\/span><\/p>\n<p style=\"text-align: justify;\">Por lo anterior, se ha dispuesto la vacunaci\u00f3n en establecimientos educacionales p\u00fablicos y privados ya sea Sala cuna, Jard\u00edn infantil o Colegio, para todos los alumnos que se encuentren en el rango etario de <b>6 meses hasta 5\u00aa b\u00e1sico.<span class=\"Apple-converted-space\">\u00a0<\/span><\/b><\/p>\n<p style=\"text-align: justify;\">El objetivo sanitario de la Vacunaci\u00f3n es prevenir mortalidad y morbilidad grave, en subgrupos de la poblaci\u00f3n, definidos por las condiciones biom\u00e9dicas que se asocian a mayor riesgo de muerte y complicaciones causadas o secundarias a infecci\u00f3n por el virus Influenza. Dentro de estos subgrupos se encuentran los menores desde 6 meses hasta 10 a\u00f1os. (Hasta 5\u00b0 b\u00e1sico)<span class=\"Apple-converted-space\">\u00a0<\/span><\/p>\n<p style=\"text-align: justify;\">La vacuna que recibir\u00e1n los alumnos corresponde a vacuna Influvac Trivalente contra virus de la Influenza Tipo A y B, para prevenir Influenza estacional. Esta enfermedad es considerada un problema de salud p\u00fablica por su capacidad de producir epidemias, lo cual se traduce en un aumento de la demanda en la atenci\u00f3n ambulatoria y hospitalaria, as\u00ed como en el n\u00famero de fallecimientos que ocasiona especialmente en los grupos de riesgo tales como: poblaci\u00f3n infantil, adultos mayores, personas con patolog\u00edas cr\u00f3nicas y mujeres embarazadas principalmente.<span class=\"Apple-converted-space\">\u00a0<\/span><\/p>\n<p style=\"text-align: justify;\">Mecanismos de transmisi\u00f3n: La influenza se propaga f\u00e1cilmente a trav\u00e9s de las gotitas de saliva infectadas que expulsa el paciente al toser o estornudar y que entran en contacto con otras personas que quedan as\u00ed expuestas al virus. Puede extenderse con rapidez en escuelas, establecimiento de larga estad\u00eda, lugares de trabajo, incluso ciudades y pa\u00edses en el caso de una pandemia. El virus puede tambi\u00e9n propagarse a trav\u00e9s de las manos infectadas y por contacto con las superficies contaminadas con secreciones. El per\u00edodo de transmisibilidad se extiende desde un d\u00eda previo al inicio de s\u00edntomas y hasta 7 d\u00edas despu\u00e9s de iniciados \u00e9stos.<span class=\"Apple-converted-space\">\u00a0<\/span><\/p>\n<p style=\"text-align: justify;\">Medidas de prevenci\u00f3n:<span class=\"Apple-converted-space\">\u00a0<\/span><\/p>\n<p style=\"text-align: justify;\">La medida m\u00e1s eficaz para la prevenci\u00f3n de la influenza es la vacunaci\u00f3n. La finalidad principal de la vacunaci\u00f3n contra la influenza estacional es evitar los casos graves de gripe y sus complicaciones.<span class=\"Apple-converted-space\">\u00a0<\/span><\/p>\n<p style=\"text-align: justify;\">La Organizaci\u00f3n Mundial de la Salud (OMS) realiza cada a\u00f1o la recomendaci\u00f3n de las cepas virales que deben ser incluidas en las vacunas contra la influenza para las temporadas de influenza del hemisferio norte y sur.<span class=\"Apple-converted-space\">\u00a0<\/span><\/p>\n<p style=\"text-align: justify;\">Los posibles efectos despu\u00e9s de la vacuna corresponden a: dolor de cabeza, sudoraci\u00f3n, fiebre, malestar general, escalofr\u00edos, fatiga y reacciones locales: enrojecimiento, dolor, en la zona de punci\u00f3n.<span class=\"Apple-converted-space\">\u00a0<\/span><\/p>\n<p style=\"text-align: justify;\"><b>\u00bfQui\u00e9nes no debiesen vacunarse?:<span class=\"Apple-converted-space\">\u00a0<\/span><\/b><\/p>\n<p style=\"text-align: justify;\">Aquellos menores que presenten alergia severa a los componentes de la vacuna, entre los cuales se encuentran: trazas de huevo (ovoalb\u00famina) y gentamicina. La inmunizaci\u00f3n deber\u00e1 ser postergada en ni\u00f1os con fiebre o infecci\u00f3n aguda.<span class=\"Apple-converted-space\">\u00a0<\/span><\/p>\n<p style=\"text-align: justify;\"><b>En ausencia de notificaci\u00f3n u otra indicaci\u00f3n por escrito, se asumir\u00e1 que no existen contraindicaciones ni otros impedimentos para administrar la vacuna, por lo cual se proceder\u00e1 a vacunar a los alumnos.<span class=\"Apple-converted-space\">\u00a0<\/span><\/b><\/p>\n<p style=\"text-align: justify;\"><b>Importante se\u00f1alar que seg\u00fan las \u00faltimas recomendaciones del Minsal, las vacunas influenza se pueden administrar juntas con vacunas Covid seg\u00fan edad. (Documentos t\u00e9cnico co-administraci\u00f3n de vacunas. <\/b><a href=\"https:\/\/www.minsal.cl\/wp-content\/uploads\/2022\/03\/Co-administracio%CC%81n-SARS-CoV-2-durante-pandemia-1.pdf\">https:\/\/www.minsal.cl\/wp-content\/uploads\/2022\/03\/Co-administracio%CC%81n-SARS-CoV-2-durante-pandemia-1.pdf<span class=\"Apple-converted-space\">\u00a0<\/span><\/a><\/p>\n<div class=\"su-spacer\" style=\"height:20px\"><\/div>\n<p style=\"text-align: justify;\"><b>SE AVISAR\u00c1 OPORTUNAMENTE LA FECHA DE VACUNACI\u00d3N QUE NOS OTORGAR\u00c1 EL CESFAM SERGIO LAGOS.<span class=\"Apple-converted-space\">\u00a0<\/span><\/b><\/p>\n","protected":false},"excerpt":{"rendered":"<p>\u00a0Estimados Directores &#8211; Padres y\/o apoderados\u00a0 Junto con saludarles informo a ustedes, que se iniciar\u00e1 desde el 15 de marzo, la vacunaci\u00f3n Influenza correspondiente al a\u00f1o 2023, siendo la primera actividad del ministerio de salud en el contexto Campa\u00f1a de Invierno. Esta es una medida instruida por la autoridad de salud p\u00fablica y su aplicaci\u00f3n tiene car\u00e1cter OBLIGATORIO, por lo que no es necesaria la autorizaci\u00f3n por medio de firma de consentimiento informado de los padres y\/o apoderados.\u00a0 Por lo anterior, se ha dispuesto la vacunaci\u00f3n en establecimientos educacionales p\u00fablicos y privados ya sea Sala cuna, Jard\u00edn infantil o Colegio, para todos los alumnos que se encuentren en el rango etario de 6 meses hasta 5\u00aa b\u00e1sico.\u00a0 El objetivo sanitario de la Vacunaci\u00f3n es prevenir mortalidad y morbilidad grave, en subgrupos de la poblaci\u00f3n, definidos por las condiciones biom\u00e9dicas que se asocian a mayor riesgo de muerte y complicaciones causadas o secundarias a infecci\u00f3n por el virus Influenza. Dentro de estos subgrupos se encuentran los menores desde 6 meses hasta 10 a\u00f1os. (Hasta 5\u00b0 b\u00e1sico)\u00a0 La vacuna que recibir\u00e1n los alumnos corresponde a vacuna Influvac Trivalente contra virus de la Influenza Tipo A y B, para prevenir Influenza estacional. Esta&#8230;.<\/p>\n","protected":false},"author":1,"featured_media":5900,"comment_status":"closed","ping_status":"closed","sticky":false,"template":"","format":"standard","meta":{"footnotes":"","_links_to":"","_links_to_target":""},"categories":[41,33],"tags":[],"class_list":["post-5899","post","type-post","status-publish","format-standard","has-post-thumbnail","hentry","category-destacado","category-noticias"],"_links":{"self":[{"href":"https:\/\/cnj.cl\/colegio\/wp-json\/wp\/v2\/posts\/5899","targetHints":{"allow":["GET"]}}],"collection":[{"href":"https:\/\/cnj.cl\/colegio\/wp-json\/wp\/v2\/posts"}],"about":[{"href":"https:\/\/cnj.cl\/colegio\/wp-json\/wp\/v2\/types\/post"}],"author":[{"embeddable":true,"href":"https:\/\/cnj.cl\/colegio\/wp-json\/wp\/v2\/users\/1"}],"replies":[{"embeddable":true,"href":"https:\/\/cnj.cl\/colegio\/wp-json\/wp\/v2\/comments?post=5899"}],"version-history":[{"count":2,"href":"https:\/\/cnj.cl\/colegio\/wp-json\/wp\/v2\/posts\/5899\/revisions"}],"predecessor-version":[{"id":5902,"href":"https:\/\/cnj.cl\/colegio\/wp-json\/wp\/v2\/posts\/5899\/revisions\/5902"}],"wp:featuredmedia":[{"embeddable":true,"href":"https:\/\/cnj.cl\/colegio\/wp-json\/wp\/v2\/media\/5900"}],"wp:attachment":[{"href":"https:\/\/cnj.cl\/colegio\/wp-json\/wp\/v2\/media?parent=5899"}],"wp:term":[{"taxonomy":"category","embeddable":true,"href":"https:\/\/cnj.cl\/colegio\/wp-json\/wp\/v2\/categories?post=5899"},{"taxonomy":"post_tag","embeddable":true,"href":"https:\/\/cnj.cl\/colegio\/wp-json\/wp\/v2\/tags?post=5899"}],"curies":[{"name":"wp","href":"https:\/\/api.w.org\/{rel}","templated":true}]}}