{"id":5903,"date":"2023-03-17T13:12:05","date_gmt":"2023-03-17T13:12:05","guid":{"rendered":"https:\/\/cnj.cl\/colegio\/?p=5903"},"modified":"2023-03-17T13:25:27","modified_gmt":"2023-03-17T13:25:27","slug":"dia-mundial-del-sindrome-de-down-video-motivacional","status":"publish","type":"post","link":"https:\/\/cnj.cl\/colegio\/2023\/03\/17\/dia-mundial-del-sindrome-de-down-video-motivacional\/","title":{"rendered":"D\u00eda mundial del S\u00edndrome de Down (video motivacional)"},"content":{"rendered":"<p><iframe loading=\"lazy\" title=\"YouTube video player\" src=\"https:\/\/www.youtube.com\/embed\/59gJAGGf0N8\" width=\"650\" height=\"500\" frameborder=\"0\" allowfullscreen=\"allowfullscreen\"><span data-mce-type=\"bookmark\" style=\"display: inline-block; width: 0px; overflow: hidden; line-height: 0;\" class=\"mce_SELRES_start\">\ufeff<\/span><\/iframe><\/p>\n<div dir=\"auto\">Desde el _Programa de Integraci\u00f3n Escolar_\u00a0 los queremos invitar a celebrar el *D\u00eda Mundial del S\u00edndrome de Down* <img decoding=\"async\" class=\"an1\" src=\"https:\/\/fonts.gstatic.com\/s\/e\/notoemoji\/15.0\/1f389\/32.png\" alt=\"\ud83c\udf89\" data-emoji=\"\ud83c\udf89\" aria-label=\"\ud83c\udf89\" \/> este martes 21 de marzo. El lema de este a\u00f1o es \u2018\u2019_*nos decidimos*_ \u2018\u2019para subrayar la necesidad de las personas con este s\u00edndrome de tener la voluntad de participar en las decisiones sobre su propia vida. <img decoding=\"async\" class=\"an1\" src=\"https:\/\/fonts.gstatic.com\/s\/e\/notoemoji\/15.0\/1f467_1f3fb\/32.png\" alt=\"\ud83d\udc67\ud83c\udffb\" data-emoji=\"\ud83d\udc67\ud83c\udffb\" aria-label=\"\ud83d\udc67\ud83c\udffb\" \/><img decoding=\"async\" class=\"an1\" src=\"https:\/\/fonts.gstatic.com\/s\/e\/notoemoji\/15.0\/1f9d2_1f3fb\/32.png\" alt=\"\ud83e\uddd2\ud83c\udffb\" data-emoji=\"\ud83e\uddd2\ud83c\udffb\" aria-label=\"\ud83e\uddd2\ud83c\udffb\" \/><\/div>\n<div dir=\"auto\"><\/div>\n<div dir=\"auto\">*\u00bfPor qu\u00e9 debes venir con calcetines diferentes el 21 de marzo?*<img decoding=\"async\" class=\"an1\" src=\"https:\/\/fonts.gstatic.com\/s\/e\/notoemoji\/15.0\/1f9e6\/32.png\" alt=\"\ud83e\udde6\" data-emoji=\"\ud83e\udde6\" aria-label=\"\ud83e\udde6\" \/> los calcetines son similares a la forma de los cromosomas, por lo que el d\u00eda 21 del tercer mes del a\u00f1o simboliza la trisom\u00eda 21 que caracteriza a esta condici\u00f3n.<\/div>\n","protected":false},"excerpt":{"rendered":"<p>\ufeff Desde el _Programa de Integraci\u00f3n Escolar_\u00a0 los queremos invitar a celebrar el *D\u00eda Mundial del S\u00edndrome de Down* este martes 21 de marzo. El lema de este a\u00f1o es \u2018\u2019_*nos decidimos*_ \u2018\u2019para subrayar la necesidad de las personas con este s\u00edndrome de tener la voluntad de participar en las decisiones sobre su propia vida. *\u00bfPor qu\u00e9 debes venir con calcetines diferentes el 21 de marzo?* los calcetines son similares a la forma de los cromosomas, por lo que el d\u00eda 21 del tercer mes del a\u00f1o simboliza la trisom\u00eda 21 que caracteriza a esta condici\u00f3n.<\/p>\n","protected":false},"author":1,"featured_media":5904,"comment_status":"closed","ping_status":"closed","sticky":false,"template":"","format":"standard","meta":{"footnotes":"","_links_to":"","_links_to_target":""},"categories":[41,33],"tags":[],"class_list":["post-5903","post","type-post","status-publish","format-standard","has-post-thumbnail","hentry","category-destacado","category-noticias"],"_links":{"self":[{"href":"https:\/\/cnj.cl\/colegio\/wp-json\/wp\/v2\/posts\/5903","targetHints":{"allow":["GET"]}}],"collection":[{"href":"https:\/\/cnj.cl\/colegio\/wp-json\/wp\/v2\/posts"}],"about":[{"href":"https:\/\/cnj.cl\/colegio\/wp-json\/wp\/v2\/types\/post"}],"author":[{"embeddable":true,"href":"https:\/\/cnj.cl\/colegio\/wp-json\/wp\/v2\/users\/1"}],"replies":[{"embeddable":true,"href":"https:\/\/cnj.cl\/colegio\/wp-json\/wp\/v2\/comments?post=5903"}],"version-history":[{"count":3,"href":"https:\/\/cnj.cl\/colegio\/wp-json\/wp\/v2\/posts\/5903\/revisions"}],"predecessor-version":[{"id":5907,"href":"https:\/\/cnj.cl\/colegio\/wp-json\/wp\/v2\/posts\/5903\/revisions\/5907"}],"wp:featuredmedia":[{"embeddable":true,"href":"https:\/\/cnj.cl\/colegio\/wp-json\/wp\/v2\/media\/5904"}],"wp:attachment":[{"href":"https:\/\/cnj.cl\/colegio\/wp-json\/wp\/v2\/media?parent=5903"}],"wp:term":[{"taxonomy":"category","embeddable":true,"href":"https:\/\/cnj.cl\/colegio\/wp-json\/wp\/v2\/categories?post=5903"},{"taxonomy":"post_tag","embeddable":true,"href":"https:\/\/cnj.cl\/colegio\/wp-json\/wp\/v2\/tags?post=5903"}],"curies":[{"name":"wp","href":"https:\/\/api.w.org\/{rel}","templated":true}]}}