{"id":5960,"date":"2023-03-22T17:15:01","date_gmt":"2023-03-22T17:15:01","guid":{"rendered":"https:\/\/cnj.cl\/colegio\/?p=5960"},"modified":"2023-03-22T17:15:01","modified_gmt":"2023-03-22T17:15:01","slug":"mas-alla-de-los-calcetines-cambiados","status":"publish","type":"post","link":"https:\/\/cnj.cl\/colegio\/2023\/03\/22\/mas-alla-de-los-calcetines-cambiados\/","title":{"rendered":"\u201cM\u00e1s all\u00e1 de los calcetines cambiados\u201d"},"content":{"rendered":"<p style=\"text-align: justify;\">El d\u00eda martes 21 de marzo nuestro establecimiento conmemor\u00f3 el \u201cD\u00eda Mundial del S\u00edndrome de Down\u201d, iniciativa impulsada por el Programa de Integraci\u00f3n Escolar (PIE). Esta fecha se elige porque las personas con S\u00edndrome de Down tienen tres veces el cromosoma 21, por eso 21 del 3.<\/p>\n<p style=\"text-align: justify;\">\n<p style=\"text-align: justify;\">Referente a esta conmemoraci\u00f3n, somos conscientes que a pesar de los grandes avances en materia de inclusi\u00f3n a\u00fan tenemos tareas pendientes. Este d\u00eda no es s\u00f3lo para visibilizar esta condici\u00f3n, disminuir estereotipos y brechas, sino para tambi\u00e9n reconocer los derechos de las personas con S\u00edndrome de Down dentro en Chile y el Mundo. Claudia Aldana, directora ejecutiva de la Fundaci\u00f3n Una Escuela para Todos, a trav\u00e9s de una carta al director en el Diario El Mercurio, nos propuso <em>\u201cinformar y visibilizar\u201d <\/em>subiendo fotos con datos del S\u00edndrome de Down, aqu\u00ed les compartimos algunos:<\/p>\n<p style=\"text-align: justify;\">\n<p style=\"text-align: justify;\"><em>&#8211; \u201cEn promedio, en Am\u00e9rica Latina nace un ni\u00f1o con S\u00edndrome de Down por cada 700 nacidos; en Chile, en cambio es uno en 300\u201d,<\/em> la tasa sigue aumentando en nuestro pa\u00eds siendo una de las m\u00e1s altas en el mundo.<\/p>\n<p style=\"text-align: justify;\">&#8211; En Chile, a pesar de que tienen acceso a la educaci\u00f3n regular, <em>\u201cs\u00f3lo uno de cada diez ni\u00f1os con discapacidad egresa de la secundaria\u201d, <\/em>lo que a largo plazo les afecta para postular a trabajos, ya que la mayor\u00eda de los empleos exige educaci\u00f3n media completa.<\/p>\n<p style=\"text-align: justify;\">&#8211; <em>\u201cLa expectativa de vida de las personas con S\u00edndrome de Down en Chile ya va en los 60 a\u00f1os\u201d.<\/em><\/p>\n<p style=\"text-align: justify;\">&#8211; <em>\u201cLas personas con este s\u00edndrome pueden, por ley, casarse, trabajar y tener una cuenta en el banco\u201d.<\/em><\/p>\n<p style=\"text-align: justify;\"><em>\u00a0<\/em><\/p>\n<p style=\"text-align: justify;\">Por esto esperamos, que no s\u00f3lo se queden con el mensaje de usar calcetines cambiados, sino que comprendan que \u201c<em>este mundo es diverso y seremos m\u00e1s felices si abrazamos esa diversidad en todos los sentidos\u201d (Felipe Cortina Toro), <\/em>especialmente, en igualdad de condiciones y derechos.<em>\u00a0<\/em><\/p>\n<div class=\"su-custom-gallery su-custom-gallery-title-never su-lightbox-gallery\"><div class=\"su-custom-gallery-slide\"><a href=\"https:\/\/cnj.cl\/colegio\/wp-content\/uploads\/2023\/03\/WhatsApp-Image-2023-03-21-at-09.37.04.jpg\" title=\"WhatsApp Image 2023-03-21 at 09.37.04\"><img loading=\"lazy\" decoding=\"async\" src=\"https:\/\/cnj.cl\/colegio\/wp-content\/uploads\/2023\/03\/WhatsApp-Image-2023-03-21-at-09.37.04-300x290.jpg\" alt=\"WhatsApp Image 2023-03-21 at 09.37.04\" width=\"300\" height=\"290\" \/><span class=\"su-custom-gallery-title\">WhatsApp Image 2023-03-21 at 09.37.04<\/span><\/a><\/div><div class=\"su-custom-gallery-slide\"><a href=\"https:\/\/cnj.cl\/colegio\/wp-content\/uploads\/2023\/03\/WhatsApp-Image-2023-03-21-at-09.38.43.jpg\" title=\"WhatsApp Image 2023-03-21 at 09.38.43\"><img loading=\"lazy\" decoding=\"async\" src=\"https:\/\/cnj.cl\/colegio\/wp-content\/uploads\/2023\/03\/WhatsApp-Image-2023-03-21-at-09.38.43-300x290.jpg\" alt=\"WhatsApp Image 2023-03-21 at 09.38.43\" width=\"300\" height=\"290\" \/><span class=\"su-custom-gallery-title\">WhatsApp Image 2023-03-21 at 09.38.43<\/span><\/a><\/div><div class=\"su-custom-gallery-slide\"><a href=\"https:\/\/cnj.cl\/colegio\/wp-content\/uploads\/2023\/03\/WhatsApp-Image-2023-03-21-at-09.38.45.jpg\" title=\"WhatsApp Image 2023-03-21 at 09.38.45\"><img loading=\"lazy\" decoding=\"async\" src=\"https:\/\/cnj.cl\/colegio\/wp-content\/uploads\/2023\/03\/WhatsApp-Image-2023-03-21-at-09.38.45-300x290.jpg\" alt=\"WhatsApp Image 2023-03-21 at 09.38.45\" width=\"300\" height=\"290\" \/><span class=\"su-custom-gallery-title\">WhatsApp Image 2023-03-21 at 09.38.45<\/span><\/a><\/div><div class=\"su-custom-gallery-slide\"><a href=\"https:\/\/cnj.cl\/colegio\/wp-content\/uploads\/2023\/03\/WhatsApp-Image-2023-03-21-at-12.12.49.jpg\" title=\"WhatsApp Image 2023-03-21 at 12.12.49\"><img loading=\"lazy\" decoding=\"async\" src=\"https:\/\/cnj.cl\/colegio\/wp-content\/uploads\/2023\/03\/WhatsApp-Image-2023-03-21-at-12.12.49-300x290.jpg\" alt=\"WhatsApp Image 2023-03-21 at 12.12.49\" width=\"300\" height=\"290\" \/><span class=\"su-custom-gallery-title\">WhatsApp Image 2023-03-21 at 12.12.49<\/span><\/a><\/div><div class=\"su-custom-gallery-slide\"><a href=\"https:\/\/cnj.cl\/colegio\/wp-content\/uploads\/2023\/03\/WhatsApp-Image-2023-03-21-at-12.12.50.jpg\" title=\"WhatsApp Image 2023-03-21 at 12.12.50\"><img loading=\"lazy\" decoding=\"async\" src=\"https:\/\/cnj.cl\/colegio\/wp-content\/uploads\/2023\/03\/WhatsApp-Image-2023-03-21-at-12.12.50-300x290.jpg\" alt=\"WhatsApp Image 2023-03-21 at 12.12.50\" width=\"300\" height=\"290\" \/><span class=\"su-custom-gallery-title\">WhatsApp Image 2023-03-21 at 12.12.50<\/span><\/a><\/div><div class=\"su-custom-gallery-slide\"><a href=\"https:\/\/cnj.cl\/colegio\/wp-content\/uploads\/2023\/03\/WhatsApp-Image-2023-03-21-at-12.12.51.jpg\" title=\"WhatsApp Image 2023-03-21 at 12.12.51\"><img loading=\"lazy\" decoding=\"async\" src=\"https:\/\/cnj.cl\/colegio\/wp-content\/uploads\/2023\/03\/WhatsApp-Image-2023-03-21-at-12.12.51-300x290.jpg\" alt=\"WhatsApp Image 2023-03-21 at 12.12.51\" width=\"300\" height=\"290\" \/><span class=\"su-custom-gallery-title\">WhatsApp Image 2023-03-21 at 12.12.51<\/span><\/a><\/div><div class=\"su-custom-gallery-slide\"><a href=\"https:\/\/cnj.cl\/colegio\/wp-content\/uploads\/2023\/03\/WhatsApp-Image-2023-03-21-at-16.41.55-1.jpg\" title=\"WhatsApp Image 2023-03-21 at 16.41.55 (1)\"><img loading=\"lazy\" decoding=\"async\" src=\"https:\/\/cnj.cl\/colegio\/wp-content\/uploads\/2023\/03\/WhatsApp-Image-2023-03-21-at-16.41.55-1-300x290.jpg\" alt=\"WhatsApp Image 2023-03-21 at 16.41.55 (1)\" width=\"300\" height=\"290\" \/><span class=\"su-custom-gallery-title\">WhatsApp Image 2023-03-21 at 16.41.55 (1)<\/span><\/a><\/div><div class=\"su-custom-gallery-slide\"><a href=\"https:\/\/cnj.cl\/colegio\/wp-content\/uploads\/2023\/03\/WhatsApp-Image-2023-03-21-at-16.41.55.jpg\" title=\"WhatsApp Image 2023-03-21 at 16.41.55\"><img loading=\"lazy\" decoding=\"async\" src=\"https:\/\/cnj.cl\/colegio\/wp-content\/uploads\/2023\/03\/WhatsApp-Image-2023-03-21-at-16.41.55-300x290.jpg\" alt=\"WhatsApp Image 2023-03-21 at 16.41.55\" width=\"300\" height=\"290\" \/><span class=\"su-custom-gallery-title\">WhatsApp Image 2023-03-21 at 16.41.55<\/span><\/a><\/div><div class=\"su-custom-gallery-slide\"><a href=\"https:\/\/cnj.cl\/colegio\/wp-content\/uploads\/2023\/03\/WhatsApp-Image-2023-03-22-at-11.03.11.jpg\" title=\"WhatsApp Image 2023-03-22 at 11.03.11\"><img loading=\"lazy\" decoding=\"async\" src=\"https:\/\/cnj.cl\/colegio\/wp-content\/uploads\/2023\/03\/WhatsApp-Image-2023-03-22-at-11.03.11-300x290.jpg\" alt=\"WhatsApp Image 2023-03-22 at 11.03.11\" width=\"300\" height=\"290\" \/><span class=\"su-custom-gallery-title\">WhatsApp Image 2023-03-22 at 11.03.11<\/span><\/a><\/div><div class=\"su-clear\"><\/div><\/div>\n","protected":false},"excerpt":{"rendered":"<p>El d\u00eda martes 21 de marzo nuestro establecimiento conmemor\u00f3 el \u201cD\u00eda Mundial del S\u00edndrome de Down\u201d, iniciativa impulsada por el Programa de Integraci\u00f3n Escolar (PIE). Esta fecha se elige porque las personas con S\u00edndrome de Down tienen tres veces el cromosoma 21, por eso 21 del 3. Referente a esta conmemoraci\u00f3n, somos conscientes que a pesar de los grandes avances en materia de inclusi\u00f3n a\u00fan tenemos tareas pendientes. Este d\u00eda no es s\u00f3lo para visibilizar esta condici\u00f3n, disminuir estereotipos y brechas, sino para tambi\u00e9n reconocer los derechos de las personas con S\u00edndrome de Down dentro en Chile y el Mundo. Claudia Aldana, directora ejecutiva de la Fundaci\u00f3n Una Escuela para Todos, a trav\u00e9s de una carta al director en el Diario El Mercurio, nos propuso \u201cinformar y visibilizar\u201d subiendo fotos con datos del S\u00edndrome de Down, aqu\u00ed les compartimos algunos: &#8211; \u201cEn promedio, en Am\u00e9rica Latina nace un ni\u00f1o con S\u00edndrome de Down por cada 700 nacidos; en Chile, en cambio es uno en 300\u201d, la tasa sigue aumentando en nuestro pa\u00eds siendo una de las m\u00e1s altas en el mundo. &#8211; En Chile, a pesar de que tienen acceso a la educaci\u00f3n regular, \u201cs\u00f3lo uno de cada diez ni\u00f1os&#8230;.<\/p>\n","protected":false},"author":1,"featured_media":5963,"comment_status":"closed","ping_status":"closed","sticky":false,"template":"","format":"standard","meta":{"footnotes":"","_links_to":"","_links_to_target":""},"categories":[41,33],"tags":[],"class_list":["post-5960","post","type-post","status-publish","format-standard","has-post-thumbnail","hentry","category-destacado","category-noticias"],"_links":{"self":[{"href":"https:\/\/cnj.cl\/colegio\/wp-json\/wp\/v2\/posts\/5960","targetHints":{"allow":["GET"]}}],"collection":[{"href":"https:\/\/cnj.cl\/colegio\/wp-json\/wp\/v2\/posts"}],"about":[{"href":"https:\/\/cnj.cl\/colegio\/wp-json\/wp\/v2\/types\/post"}],"author":[{"embeddable":true,"href":"https:\/\/cnj.cl\/colegio\/wp-json\/wp\/v2\/users\/1"}],"replies":[{"embeddable":true,"href":"https:\/\/cnj.cl\/colegio\/wp-json\/wp\/v2\/comments?post=5960"}],"version-history":[{"count":1,"href":"https:\/\/cnj.cl\/colegio\/wp-json\/wp\/v2\/posts\/5960\/revisions"}],"predecessor-version":[{"id":5970,"href":"https:\/\/cnj.cl\/colegio\/wp-json\/wp\/v2\/posts\/5960\/revisions\/5970"}],"wp:featuredmedia":[{"embeddable":true,"href":"https:\/\/cnj.cl\/colegio\/wp-json\/wp\/v2\/media\/5963"}],"wp:attachment":[{"href":"https:\/\/cnj.cl\/colegio\/wp-json\/wp\/v2\/media?parent=5960"}],"wp:term":[{"taxonomy":"category","embeddable":true,"href":"https:\/\/cnj.cl\/colegio\/wp-json\/wp\/v2\/categories?post=5960"},{"taxonomy":"post_tag","embeddable":true,"href":"https:\/\/cnj.cl\/colegio\/wp-json\/wp\/v2\/tags?post=5960"}],"curies":[{"name":"wp","href":"https:\/\/api.w.org\/{rel}","templated":true}]}}