{"id":6202,"date":"2023-03-28T13:24:59","date_gmt":"2023-03-28T13:24:59","guid":{"rendered":"https:\/\/cnj.cl\/colegio\/?p=6202"},"modified":"2023-03-28T13:24:59","modified_gmt":"2023-03-28T13:24:59","slug":"reunion-del-centro-general-de-padres-con-la-direccion-del-colegio-nino-jesus","status":"publish","type":"post","link":"https:\/\/cnj.cl\/colegio\/2023\/03\/28\/reunion-del-centro-general-de-padres-con-la-direccion-del-colegio-nino-jesus\/","title":{"rendered":"REUNI\u00d3N DEL CENTRO GENERAL DE PADRES CON LA DIRECCI\u00d3N DEL COLEGIO NI\u00d1O JES\u00daS"},"content":{"rendered":"<p style=\"text-align: justify;\">El Centro General de Padres y Apoderados, sostuvo una reuni\u00f3n con el Equipo Directivo de nuestro Colegio. En cita, los apoderados dieron a conocer su plan de trabajo y las metas que se han propuesto para el a\u00f1o en curso. Por otra parte, el director del Colegio, Sr. \u00d3scar B\u00f3rquez dio cuenta del inicio del a\u00f1o escolar 2023, y acogi\u00f3 las consultas e inquietudes de los padres y apoderados del Centro General, representados por su presidenta, Sra. Karla Hern\u00e1ndez.<\/p>\n<p style=\"text-align: justify;\">En representaci\u00f3n del Equipo de Pastoral, la Sra. M\u00f3nica Pacheco dio cuenta de los gastos y de la ayuda social realizada desde esta \u00e1rea. Adem\u00e1s, anim\u00f3 y motiv\u00f3 al Centro General de Padres a colaborar en una actividad solidaria que va en ayuda de nuestros hermanos de Santa Juana afectados por los incendios.<\/p>\n<div class=\"su-custom-gallery su-custom-gallery-title-never su-lightbox-gallery\"><div class=\"su-custom-gallery-slide\"><a href=\"https:\/\/cnj.cl\/colegio\/wp-content\/uploads\/2023\/03\/IMG_5394.jpg\" title=\"IMG_5394\"><img loading=\"lazy\" decoding=\"async\" src=\"https:\/\/cnj.cl\/colegio\/wp-content\/uploads\/2023\/03\/IMG_5394-250x240.jpg\" alt=\"IMG_5394\" width=\"250\" height=\"240\" \/><span class=\"su-custom-gallery-title\">IMG_5394<\/span><\/a><\/div><div class=\"su-custom-gallery-slide\"><a href=\"https:\/\/cnj.cl\/colegio\/wp-content\/uploads\/2023\/03\/IMG_5395.jpg\" title=\"IMG_5395\"><img loading=\"lazy\" decoding=\"async\" src=\"https:\/\/cnj.cl\/colegio\/wp-content\/uploads\/2023\/03\/IMG_5395-250x240.jpg\" alt=\"IMG_5395\" width=\"250\" height=\"240\" \/><span class=\"su-custom-gallery-title\">IMG_5395<\/span><\/a><\/div><div class=\"su-custom-gallery-slide\"><a href=\"https:\/\/cnj.cl\/colegio\/wp-content\/uploads\/2023\/03\/IMG_5396.jpg\" title=\"IMG_5396\"><img loading=\"lazy\" decoding=\"async\" src=\"https:\/\/cnj.cl\/colegio\/wp-content\/uploads\/2023\/03\/IMG_5396-250x240.jpg\" alt=\"IMG_5396\" width=\"250\" height=\"240\" \/><span class=\"su-custom-gallery-title\">IMG_5396<\/span><\/a><\/div><div class=\"su-custom-gallery-slide\"><a href=\"https:\/\/cnj.cl\/colegio\/wp-content\/uploads\/2023\/03\/IMG_5397.jpg\" title=\"IMG_5397\"><img loading=\"lazy\" decoding=\"async\" src=\"https:\/\/cnj.cl\/colegio\/wp-content\/uploads\/2023\/03\/IMG_5397-250x240.jpg\" alt=\"IMG_5397\" width=\"250\" height=\"240\" \/><span class=\"su-custom-gallery-title\">IMG_5397<\/span><\/a><\/div><div class=\"su-custom-gallery-slide\"><a href=\"https:\/\/cnj.cl\/colegio\/wp-content\/uploads\/2023\/03\/IMG_5398.jpg\" title=\"IMG_5398\"><img loading=\"lazy\" decoding=\"async\" src=\"https:\/\/cnj.cl\/colegio\/wp-content\/uploads\/2023\/03\/IMG_5398-250x240.jpg\" alt=\"IMG_5398\" width=\"250\" height=\"240\" \/><span class=\"su-custom-gallery-title\">IMG_5398<\/span><\/a><\/div><div class=\"su-custom-gallery-slide\"><a href=\"https:\/\/cnj.cl\/colegio\/wp-content\/uploads\/2023\/03\/IMG_5399.jpg\" title=\"IMG_5399\"><img loading=\"lazy\" decoding=\"async\" src=\"https:\/\/cnj.cl\/colegio\/wp-content\/uploads\/2023\/03\/IMG_5399-250x240.jpg\" alt=\"IMG_5399\" width=\"250\" height=\"240\" \/><span class=\"su-custom-gallery-title\">IMG_5399<\/span><\/a><\/div><div class=\"su-custom-gallery-slide\"><a href=\"https:\/\/cnj.cl\/colegio\/wp-content\/uploads\/2023\/03\/IMG_5400.jpg\" title=\"IMG_5400\"><img loading=\"lazy\" decoding=\"async\" src=\"https:\/\/cnj.cl\/colegio\/wp-content\/uploads\/2023\/03\/IMG_5400-250x240.jpg\" alt=\"IMG_5400\" width=\"250\" height=\"240\" \/><span class=\"su-custom-gallery-title\">IMG_5400<\/span><\/a><\/div><div class=\"su-custom-gallery-slide\"><a href=\"https:\/\/cnj.cl\/colegio\/wp-content\/uploads\/2023\/03\/IMG_5401.jpg\" title=\"IMG_5401\"><img loading=\"lazy\" decoding=\"async\" src=\"https:\/\/cnj.cl\/colegio\/wp-content\/uploads\/2023\/03\/IMG_5401-250x240.jpg\" alt=\"IMG_5401\" width=\"250\" height=\"240\" \/><span class=\"su-custom-gallery-title\">IMG_5401<\/span><\/a><\/div><div class=\"su-custom-gallery-slide\"><a href=\"https:\/\/cnj.cl\/colegio\/wp-content\/uploads\/2023\/03\/IMG_5402.jpg\" title=\"IMG_5402\"><img loading=\"lazy\" decoding=\"async\" src=\"https:\/\/cnj.cl\/colegio\/wp-content\/uploads\/2023\/03\/IMG_5402-250x240.jpg\" alt=\"IMG_5402\" width=\"250\" height=\"240\" \/><span class=\"su-custom-gallery-title\">IMG_5402<\/span><\/a><\/div><div class=\"su-custom-gallery-slide\"><a href=\"https:\/\/cnj.cl\/colegio\/wp-content\/uploads\/2023\/03\/IMG_5403.jpg\" title=\"IMG_5403\"><img loading=\"lazy\" decoding=\"async\" src=\"https:\/\/cnj.cl\/colegio\/wp-content\/uploads\/2023\/03\/IMG_5403-250x240.jpg\" alt=\"IMG_5403\" width=\"250\" height=\"240\" \/><span class=\"su-custom-gallery-title\">IMG_5403<\/span><\/a><\/div><div class=\"su-clear\"><\/div><\/div>\n","protected":false},"excerpt":{"rendered":"<p>El Centro General de Padres y Apoderados, sostuvo una reuni\u00f3n con el Equipo Directivo de nuestro Colegio. En cita, los apoderados dieron a conocer su plan de trabajo y las metas que se han propuesto para el a\u00f1o en curso. Por otra parte, el director del Colegio, Sr. \u00d3scar B\u00f3rquez dio cuenta del inicio del a\u00f1o escolar 2023, y acogi\u00f3 las consultas e inquietudes de los padres y apoderados del Centro General, representados por su presidenta, Sra. Karla Hern\u00e1ndez. En representaci\u00f3n del Equipo de Pastoral, la Sra. M\u00f3nica Pacheco dio cuenta de los gastos y de la ayuda social realizada desde esta \u00e1rea. Adem\u00e1s, anim\u00f3 y motiv\u00f3 al Centro General de Padres a colaborar en una actividad solidaria que va en ayuda de nuestros hermanos de Santa Juana afectados por los incendios.<\/p>\n","protected":false},"author":1,"featured_media":6203,"comment_status":"closed","ping_status":"closed","sticky":false,"template":"","format":"standard","meta":{"footnotes":"","_links_to":"","_links_to_target":""},"categories":[41,33],"tags":[],"class_list":["post-6202","post","type-post","status-publish","format-standard","has-post-thumbnail","hentry","category-destacado","category-noticias"],"_links":{"self":[{"href":"https:\/\/cnj.cl\/colegio\/wp-json\/wp\/v2\/posts\/6202","targetHints":{"allow":["GET"]}}],"collection":[{"href":"https:\/\/cnj.cl\/colegio\/wp-json\/wp\/v2\/posts"}],"about":[{"href":"https:\/\/cnj.cl\/colegio\/wp-json\/wp\/v2\/types\/post"}],"author":[{"embeddable":true,"href":"https:\/\/cnj.cl\/colegio\/wp-json\/wp\/v2\/users\/1"}],"replies":[{"embeddable":true,"href":"https:\/\/cnj.cl\/colegio\/wp-json\/wp\/v2\/comments?post=6202"}],"version-history":[{"count":1,"href":"https:\/\/cnj.cl\/colegio\/wp-json\/wp\/v2\/posts\/6202\/revisions"}],"predecessor-version":[{"id":6213,"href":"https:\/\/cnj.cl\/colegio\/wp-json\/wp\/v2\/posts\/6202\/revisions\/6213"}],"wp:featuredmedia":[{"embeddable":true,"href":"https:\/\/cnj.cl\/colegio\/wp-json\/wp\/v2\/media\/6203"}],"wp:attachment":[{"href":"https:\/\/cnj.cl\/colegio\/wp-json\/wp\/v2\/media?parent=6202"}],"wp:term":[{"taxonomy":"category","embeddable":true,"href":"https:\/\/cnj.cl\/colegio\/wp-json\/wp\/v2\/categories?post=6202"},{"taxonomy":"post_tag","embeddable":true,"href":"https:\/\/cnj.cl\/colegio\/wp-json\/wp\/v2\/tags?post=6202"}],"curies":[{"name":"wp","href":"https:\/\/api.w.org\/{rel}","templated":true}]}}