{"id":6221,"date":"2023-03-29T13:15:59","date_gmt":"2023-03-29T13:15:59","guid":{"rendered":"https:\/\/cnj.cl\/colegio\/?p=6221"},"modified":"2023-03-29T13:18:21","modified_gmt":"2023-03-29T13:18:21","slug":"semana-santa-un-tiempo-para-volver-a-renovarnos-en-el-amor-y-la-esperanza","status":"publish","type":"post","link":"https:\/\/cnj.cl\/colegio\/2023\/03\/29\/semana-santa-un-tiempo-para-volver-a-renovarnos-en-el-amor-y-la-esperanza\/","title":{"rendered":"SEMANA SANTA: UN TIEMPO PARA VOLVER A RENOVARNOS EN EL AMOR Y LA ESPERANZA."},"content":{"rendered":"<div>\n<p style=\"text-align: justify;\"><span lang=\"ES\"><img loading=\"lazy\" decoding=\"async\" class=\"alignleft size-full wp-image-6222\" src=\"https:\/\/cnj.cl\/colegio\/wp-content\/uploads\/2023\/03\/image003.jpg\" alt=\"\" width=\"225\" height=\"225\" srcset=\"https:\/\/cnj.cl\/colegio\/wp-content\/uploads\/2023\/03\/image003.jpg 225w, https:\/\/cnj.cl\/colegio\/wp-content\/uploads\/2023\/03\/image003-150x150.jpg 150w\" sizes=\"auto, (max-width: 225px) 100vw, 225px\" \/>Estamos a pocos d\u00edas de iniciar la Semana Santa. Es por eso que junto al equipo de Pastoral, queremos invitarles a vivir en familia un tiempo de amor y esperanza. Desde lo m\u00e1s profundo del coraz\u00f3n, y con un esp\u00edritu creyente, anhelamos que cada familia pueda tener un espacio para el di\u00e1logo y para reconocer el paso de Dios por sus vidas.<\/span><\/p>\n<\/div>\n<div style=\"text-align: justify;\">\n<p><span lang=\"ES\">Bien sabemos que nuestro Proyecto Educativo, hunde sus ra\u00edces en la experiencia de fe que nuestra fundadora, Ana Mar\u00eda Martel, descubri\u00f3 y sostuvo a lo largo de su vida, en una bella relaci\u00f3n de amistad con Jes\u00fas y que se concret\u00f3 en la tarea evangelizadora, educativa y de promoci\u00f3n social de los m\u00e1s pobres y postergados de su sociedad.<\/span><\/p>\n<\/div>\n<div style=\"text-align: justify;\">\n<p><span lang=\"ES\">Les invitamos a vivir un tiempo de caridad cristiana, de amor y respeto hacia todas las personas. Que nuestras actitudes y acciones, reflejen que somos hijas e hijos de Dios. Acompa\u00f1emos a Jes\u00fas en el camino hacia la Cruz. Con la Pasi\u00f3n, muerte y Resurrecci\u00f3n de Jes\u00fas, nuestra vida se llene de esperanza, para que renovados en el amor, en comunidad y como familia, podamos superar las pruebas que tengamos que enfrentar en el camino de la fe. <\/span><\/p>\n<\/div>\n<div style=\"text-align: justify;\">\n<p><span lang=\"ES\">Como dec\u00edamos el a\u00f1o pasado, esperamos que durante este tiempo de preparaci\u00f3n a la Fiesta de Pascua, toda nuestra vida se encamine hacia una conversi\u00f3n del coraz\u00f3n. Que en nuestras familias exista la paz, el perd\u00f3n y el di\u00e1logo sincero. Ojal\u00e1 nosotros mismos seamos instrumentos de paz y uni\u00f3n, para que, ante la violencia, el abuso de poder y los conflictos que aquejan a las naciones hermanas, nuestro clamor, oraciones y el anhelo profundo de paz, sea escuchado y respetado por los poderosos, cuyos intereses distan del querer de Dios para su pueblo.<\/span><\/p>\n<\/div>\n<div style=\"text-align: justify;\">\n<p><span lang=\"ES\">Desde la diversidad de nuestras vidas, los invito a abrazar en sus corazones el Proyecto Educativo de nuestro Colegio, el cual quiere ser\u00a0<\/span><em><span lang=\"ES\">presencia de Dios para el mundo<\/span><\/em><span lang=\"ES\">\u00a0y para nuestro querido Lota.<\/span><\/p>\n<\/div>\n<div style=\"text-align: justify;\">\n<p><span lang=\"ES\">Con la esperanza en la Resurrecci\u00f3n, acompa\u00f1emos a Jes\u00fas en el camino hacia la cruz.<\/span><\/p>\n<\/div>\n<div style=\"text-align: justify;\">\n<p><span lang=\"ES\">\u00a0<\/span><\/p>\n<\/div>\n<div style=\"text-align: justify;\">\n<p style=\"text-align: center;\" align=\"center\"><strong><span lang=\"ES\">\u00d3scar B\u00f3rquez L.<\/span><\/strong><\/p>\n<\/div>\n<div>\n<p style=\"text-align: center;\" align=\"center\"><span lang=\"ES\">Director Colegio Ni\u00f1o Jes\u00fas.<\/span><\/p>\n<p align=\"center\"><img loading=\"lazy\" decoding=\"async\" class=\"aligncenter size-full wp-image-6224\" src=\"https:\/\/cnj.cl\/colegio\/wp-content\/uploads\/2023\/03\/semana-santa.jpg\" alt=\"\" width=\"400\" height=\"556\" srcset=\"https:\/\/cnj.cl\/colegio\/wp-content\/uploads\/2023\/03\/semana-santa.jpg 400w, https:\/\/cnj.cl\/colegio\/wp-content\/uploads\/2023\/03\/semana-santa-216x300.jpg 216w\" sizes=\"auto, (max-width: 400px) 100vw, 400px\" \/><\/p>\n<\/div>\n","protected":false},"excerpt":{"rendered":"<p>Estamos a pocos d\u00edas de iniciar la Semana Santa. Es por eso que junto al equipo de Pastoral, queremos invitarles a vivir en familia un tiempo de amor y esperanza. Desde lo m\u00e1s profundo del coraz\u00f3n, y con un esp\u00edritu creyente, anhelamos que cada familia pueda tener un espacio para el di\u00e1logo y para reconocer el paso de Dios por sus vidas. Bien sabemos que nuestro Proyecto Educativo, hunde sus ra\u00edces en la experiencia de fe que nuestra fundadora, Ana Mar\u00eda Martel, descubri\u00f3 y sostuvo a lo largo de su vida, en una bella relaci\u00f3n de amistad con Jes\u00fas y que se concret\u00f3 en la tarea evangelizadora, educativa y de promoci\u00f3n social de los m\u00e1s pobres y postergados de su sociedad. Les invitamos a vivir un tiempo de caridad cristiana, de amor y respeto hacia todas las personas. Que nuestras actitudes y acciones, reflejen que somos hijas e hijos de Dios. Acompa\u00f1emos a Jes\u00fas en el camino hacia la Cruz. Con la Pasi\u00f3n, muerte y Resurrecci\u00f3n de Jes\u00fas, nuestra vida se llene de esperanza, para que renovados en el amor, en comunidad y como familia, podamos superar las pruebas que tengamos que enfrentar en el camino de la fe. Como&#8230;.<\/p>\n","protected":false},"author":1,"featured_media":6222,"comment_status":"closed","ping_status":"closed","sticky":false,"template":"","format":"standard","meta":{"footnotes":"","_links_to":"","_links_to_target":""},"categories":[41,33],"tags":[],"class_list":["post-6221","post","type-post","status-publish","format-standard","has-post-thumbnail","hentry","category-destacado","category-noticias"],"_links":{"self":[{"href":"https:\/\/cnj.cl\/colegio\/wp-json\/wp\/v2\/posts\/6221","targetHints":{"allow":["GET"]}}],"collection":[{"href":"https:\/\/cnj.cl\/colegio\/wp-json\/wp\/v2\/posts"}],"about":[{"href":"https:\/\/cnj.cl\/colegio\/wp-json\/wp\/v2\/types\/post"}],"author":[{"embeddable":true,"href":"https:\/\/cnj.cl\/colegio\/wp-json\/wp\/v2\/users\/1"}],"replies":[{"embeddable":true,"href":"https:\/\/cnj.cl\/colegio\/wp-json\/wp\/v2\/comments?post=6221"}],"version-history":[{"count":2,"href":"https:\/\/cnj.cl\/colegio\/wp-json\/wp\/v2\/posts\/6221\/revisions"}],"predecessor-version":[{"id":6225,"href":"https:\/\/cnj.cl\/colegio\/wp-json\/wp\/v2\/posts\/6221\/revisions\/6225"}],"wp:featuredmedia":[{"embeddable":true,"href":"https:\/\/cnj.cl\/colegio\/wp-json\/wp\/v2\/media\/6222"}],"wp:attachment":[{"href":"https:\/\/cnj.cl\/colegio\/wp-json\/wp\/v2\/media?parent=6221"}],"wp:term":[{"taxonomy":"category","embeddable":true,"href":"https:\/\/cnj.cl\/colegio\/wp-json\/wp\/v2\/categories?post=6221"},{"taxonomy":"post_tag","embeddable":true,"href":"https:\/\/cnj.cl\/colegio\/wp-json\/wp\/v2\/tags?post=6221"}],"curies":[{"name":"wp","href":"https:\/\/api.w.org\/{rel}","templated":true}]}}