{"id":6231,"date":"2023-03-29T13:53:31","date_gmt":"2023-03-29T13:53:31","guid":{"rendered":"https:\/\/cnj.cl\/colegio\/?p=6231"},"modified":"2023-03-29T13:53:31","modified_gmt":"2023-03-29T13:53:31","slug":"listas-a-y-b-para-cc-ee-2023","status":"publish","type":"post","link":"https:\/\/cnj.cl\/colegio\/2023\/03\/29\/listas-a-y-b-para-cc-ee-2023\/","title":{"rendered":"Listas A y B para CC. EE. 2023"},"content":{"rendered":"<p><strong>LISTA A<\/p>\n<p><\/strong><\/p>\n<table>\n<tbody>\n<tr>\n<td width=\"221\"><strong>Nombres<\/strong><\/td>\n<td width=\"221\"><strong>Curso<\/strong><\/td>\n<\/tr>\n<tr>\n<td width=\"221\">Paola Huerta Leal<\/td>\n<td width=\"221\">8vo A<\/td>\n<\/tr>\n<tr>\n<td width=\"221\">Juan Concha San Mart\u00edn<\/td>\n<td width=\"221\">8vo A<\/td>\n<\/tr>\n<tr>\n<td width=\"221\">Josefa Inostroza Ruiz<\/td>\n<td width=\"221\">8vo A<\/td>\n<\/tr>\n<tr>\n<td width=\"221\">Renato Aguayo Sanhueza<\/td>\n<td width=\"221\">7mo B<\/td>\n<\/tr>\n<tr>\n<td width=\"221\">Anibal Lorca Catril<\/td>\n<td width=\"221\">7mo B<\/td>\n<\/tr>\n<tr>\n<td width=\"221\">Josefa Sanhueza Kampe<\/td>\n<td width=\"221\">7mo B<\/td>\n<\/tr>\n<tr>\n<td width=\"221\">Mart\u00edn Malgarejo Rodr\u00edguez<\/td>\n<td width=\"221\">7mo B<\/td>\n<\/tr>\n<tr>\n<td width=\"221\">Agust\u00edn Carvallo Neira<\/td>\n<td width=\"221\">6to A<\/td>\n<\/tr>\n<tr>\n<td width=\"221\">Milovan Maldonado Palma<\/td>\n<td width=\"221\">6to B<\/td>\n<\/tr>\n<tr>\n<td width=\"221\">Catalina Paz Cea<\/td>\n<td width=\"221\">6to B<\/td>\n<\/tr>\n<tr>\n<td width=\"221\">Renato Romero Riquelme<\/td>\n<td width=\"221\">6to B<\/td>\n<\/tr>\n<tr>\n<td width=\"221\">Joan Cisterna Contreras<\/td>\n<td width=\"221\">6to B<\/td>\n<\/tr>\n<tr>\n<td width=\"221\">Ludmila Rodr\u00edguez Ramos<\/td>\n<td width=\"221\">5to A<\/td>\n<\/tr>\n<\/tbody>\n<\/table>\n<p><strong>\u00a0<\/strong><\/p>\n<p><strong>LISTA B<\/strong><\/p>\n<table>\n<tbody>\n<tr>\n<td width=\"221\"><strong>Nombres<\/strong><\/td>\n<td width=\"221\"><strong>Curso<\/strong><\/td>\n<\/tr>\n<tr>\n<td width=\"221\">Antonella Silva Grand\u00f3n<\/td>\n<td width=\"221\">8vo B<\/td>\n<\/tr>\n<tr>\n<td width=\"221\">Antonia Am\u00e9stica D\u00edaz<\/td>\n<td width=\"221\">8vo B<\/td>\n<\/tr>\n<tr>\n<td width=\"221\">Agust\u00edn Sandoval Sarzoza<\/td>\n<td width=\"221\">8vo B<\/td>\n<\/tr>\n<tr>\n<td width=\"221\">Christian Brice\u00f1o Fonseca<\/td>\n<td width=\"221\">8vo B<\/td>\n<\/tr>\n<tr>\n<td width=\"221\">Dilan Araujo Espinoza<\/td>\n<td width=\"221\">7mo A<\/td>\n<\/tr>\n<tr>\n<td width=\"221\">Mart\u00edn Godoy Mardones<\/td>\n<td width=\"221\">7mo A<\/td>\n<\/tr>\n<tr>\n<td width=\"221\">Valentina Bulnes Ancali<\/td>\n<td width=\"221\">7mo A<\/td>\n<\/tr>\n<tr>\n<td width=\"221\">Vicente Moya Gonz\u00e1lez<\/td>\n<td width=\"221\">6to A<\/td>\n<\/tr>\n<tr>\n<td width=\"221\">Rafaela Carrillo Saravia<\/td>\n<td width=\"221\">6to A<\/td>\n<\/tr>\n<tr>\n<td width=\"221\">Rayen Toloza Rivera<\/td>\n<td width=\"221\">6to A<\/td>\n<\/tr>\n<tr>\n<td width=\"221\">Emilia Jara Montes<\/td>\n<td width=\"221\">5to B<\/td>\n<\/tr>\n<tr>\n<td width=\"221\">Vicente Cartes Catal\u00e1n<\/td>\n<td width=\"221\">5to B<\/td>\n<\/tr>\n<tr>\n<td width=\"221\">Abigail Arriagada Bascur<\/td>\n<td width=\"221\">5to B<\/td>\n<\/tr>\n<tr>\n<td width=\"221\">Maximiliano Gonz\u00e1lez Mu\u00f1oz<\/td>\n<td width=\"221\">5to A<\/td>\n<\/tr>\n<tr>\n<td width=\"221\">Fernanda Chamblas Flores<\/td>\n<td width=\"221\">5to A<\/td>\n<\/tr>\n<\/tbody>\n<\/table>\n","protected":false},"excerpt":{"rendered":"<p>LISTA A Nombres Curso Paola Huerta Leal 8vo A Juan Concha San Mart\u00edn 8vo A Josefa Inostroza Ruiz 8vo A Renato Aguayo Sanhueza 7mo B Anibal Lorca Catril 7mo B Josefa Sanhueza Kampe 7mo B Mart\u00edn Malgarejo Rodr\u00edguez 7mo B Agust\u00edn Carvallo Neira 6to A Milovan Maldonado Palma 6to B Catalina Paz Cea 6to B Renato Romero Riquelme 6to B Joan Cisterna Contreras 6to B Ludmila Rodr\u00edguez Ramos 5to A \u00a0 LISTA B Nombres Curso Antonella Silva Grand\u00f3n 8vo B Antonia Am\u00e9stica D\u00edaz 8vo B Agust\u00edn Sandoval Sarzoza 8vo B Christian Brice\u00f1o Fonseca 8vo B Dilan Araujo Espinoza 7mo A Mart\u00edn Godoy Mardones 7mo A Valentina Bulnes Ancali 7mo A Vicente Moya Gonz\u00e1lez 6to A Rafaela Carrillo Saravia 6to A Rayen Toloza Rivera 6to A Emilia Jara Montes 5to B Vicente Cartes Catal\u00e1n 5to B Abigail Arriagada Bascur 5to B Maximiliano Gonz\u00e1lez Mu\u00f1oz 5to A Fernanda Chamblas Flores 5to A<\/p>\n","protected":false},"author":1,"featured_media":6233,"comment_status":"closed","ping_status":"closed","sticky":false,"template":"","format":"standard","meta":{"footnotes":"","_links_to":"","_links_to_target":""},"categories":[41,33],"tags":[],"class_list":["post-6231","post","type-post","status-publish","format-standard","has-post-thumbnail","hentry","category-destacado","category-noticias"],"_links":{"self":[{"href":"https:\/\/cnj.cl\/colegio\/wp-json\/wp\/v2\/posts\/6231","targetHints":{"allow":["GET"]}}],"collection":[{"href":"https:\/\/cnj.cl\/colegio\/wp-json\/wp\/v2\/posts"}],"about":[{"href":"https:\/\/cnj.cl\/colegio\/wp-json\/wp\/v2\/types\/post"}],"author":[{"embeddable":true,"href":"https:\/\/cnj.cl\/colegio\/wp-json\/wp\/v2\/users\/1"}],"replies":[{"embeddable":true,"href":"https:\/\/cnj.cl\/colegio\/wp-json\/wp\/v2\/comments?post=6231"}],"version-history":[{"count":1,"href":"https:\/\/cnj.cl\/colegio\/wp-json\/wp\/v2\/posts\/6231\/revisions"}],"predecessor-version":[{"id":6234,"href":"https:\/\/cnj.cl\/colegio\/wp-json\/wp\/v2\/posts\/6231\/revisions\/6234"}],"wp:featuredmedia":[{"embeddable":true,"href":"https:\/\/cnj.cl\/colegio\/wp-json\/wp\/v2\/media\/6233"}],"wp:attachment":[{"href":"https:\/\/cnj.cl\/colegio\/wp-json\/wp\/v2\/media?parent=6231"}],"wp:term":[{"taxonomy":"category","embeddable":true,"href":"https:\/\/cnj.cl\/colegio\/wp-json\/wp\/v2\/categories?post=6231"},{"taxonomy":"post_tag","embeddable":true,"href":"https:\/\/cnj.cl\/colegio\/wp-json\/wp\/v2\/tags?post=6231"}],"curies":[{"name":"wp","href":"https:\/\/api.w.org\/{rel}","templated":true}]}}