{"id":7042,"date":"2023-05-10T01:14:28","date_gmt":"2023-05-10T01:14:28","guid":{"rendered":"https:\/\/cnj.cl\/colegio\/?p=7042"},"modified":"2023-05-10T01:14:28","modified_gmt":"2023-05-10T01:14:28","slug":"asamblea-mensual-de-la-fide-regional-bio-bio","status":"publish","type":"post","link":"https:\/\/cnj.cl\/colegio\/2023\/05\/10\/asamblea-mensual-de-la-fide-regional-bio-bio\/","title":{"rendered":"Asamblea mensual de la, FIDE Regional B\u00cdO B\u00cdO."},"content":{"rendered":"<p style=\"text-align: justify;\">El d\u00eda martes 09 de mayo en el colegio Kingston College, se realiz\u00f3 la <strong>Asamblea<\/strong> mensual de la<span class=\"Apple-converted-space\">\u00a0 <\/span><strong>Federaci\u00f3n de Instituciones de Educaci\u00f3n Particular, FIDE Regional B\u00cdO B\u00cdO<\/strong>.<span class=\"Apple-converted-space\">\u00a0<\/span><\/p>\n<p style=\"text-align: justify;\">En esta ocasi\u00f3n, la Asamblea cont\u00f3 con la presencia de algunos integrantes de la Directiva Nacional de la FIDE, quienes viajaron desde Santiago, para sostener un di\u00e1logo con todos los asociados.<\/p>\n<p style=\"text-align: justify;\">Los temas abordados en la asamblea fueron los siguientes: Situaci\u00f3n Actual de FIDE Nacional y sus lineamientos fundamentales de trabajo. Ley de las 40 hrs. y la Ley TEA.<\/p>\n<p style=\"text-align: justify;\">Adem\u00e1s de la asamblea, ambos directorios, es decir el Nacional y el Regional, sostuvieron reuniones con autoridades eclesi\u00e1sticas y del \u00e1mbito educacional.<span class=\"Apple-converted-space\">\u00a0<\/span><\/p>\n<p style=\"text-align: justify;\">Fue as\u00ed como la reuni\u00f3n con los representantes del arzobispado, tuvo como objetivo conversar sobre la labor que desarrolla la federaci\u00f3n en Chile y la estrecha relaci\u00f3n de cooperaci\u00f3n y trabajo que existe con la Iglesia Cat\u00f3lica.<\/p>\n<p style=\"text-align: justify;\">Por otra parte, en la reuni\u00f3n con la Seremi de Educaci\u00f3n y el Jefe Provincial de Educaci\u00f3n, se abordaron temas como el trabajo colaborativo y en red que viene realizando FIDE con el MINEDUC, la recuperaci\u00f3n de aprendizajes, Red Nacional de tutores educacionales y los lineamientos de trabajo del Ministerio de Educaci\u00f3n.<\/p>\n<p style=\"text-align: justify;\">Cabe se\u00f1alar, que los miembros del Directorio Nacional que estuvieron en Concepci\u00f3n participando en la asamblea son los siguientes: Sr. Pedro D\u00edaz Cuevas, presidente. Sr. Rodrigo Urrutia Stagno, Secretario Ejecutivo y el Sr. Rodrigo D\u00edaz Ahumada, asesor jur\u00eddico.<\/p>\n<p style=\"text-align: justify;\">De nuestro colegio, participaron <strong>Hna. Pilar Salazar Pascal<\/strong>, <strong>Sra. Nicole Cancino (Contadora)<\/strong> y el <strong>Sr. \u00d3scar B\u00f3rquez, director Colegio Ni\u00f1o Jes\u00fas<\/strong> y miembro del directorio de FIDE.<\/p>\n<div class=\"su-custom-gallery su-custom-gallery-title-never su-lightbox-gallery\"><div class=\"su-custom-gallery-slide\"><a href=\"https:\/\/cnj.cl\/colegio\/wp-content\/uploads\/2023\/05\/PHOTO-2023-05-09-20-31-27.jpg\" title=\"PHOTO-2023-05-09-20-31-27\"><img loading=\"lazy\" decoding=\"async\" src=\"https:\/\/cnj.cl\/colegio\/wp-content\/uploads\/2023\/05\/PHOTO-2023-05-09-20-31-27-250x240.jpg\" alt=\"PHOTO-2023-05-09-20-31-27\" width=\"250\" height=\"240\" \/><span class=\"su-custom-gallery-title\">PHOTO-2023-05-09-20-31-27<\/span><\/a><\/div><div class=\"su-custom-gallery-slide\"><a href=\"https:\/\/cnj.cl\/colegio\/wp-content\/uploads\/2023\/05\/PHOTO-2023-05-09-20-31-28-2.jpg\" title=\"PHOTO-2023-05-09-20-31-28 2\"><img loading=\"lazy\" decoding=\"async\" src=\"https:\/\/cnj.cl\/colegio\/wp-content\/uploads\/2023\/05\/PHOTO-2023-05-09-20-31-28-2-250x240.jpg\" alt=\"PHOTO-2023-05-09-20-31-28 2\" width=\"250\" height=\"240\" \/><span class=\"su-custom-gallery-title\">PHOTO-2023-05-09-20-31-28 2<\/span><\/a><\/div><div class=\"su-custom-gallery-slide\"><a href=\"https:\/\/cnj.cl\/colegio\/wp-content\/uploads\/2023\/05\/PHOTO-2023-05-09-20-31-28.jpg\" title=\"PHOTO-2023-05-09-20-31-28\"><img loading=\"lazy\" decoding=\"async\" src=\"https:\/\/cnj.cl\/colegio\/wp-content\/uploads\/2023\/05\/PHOTO-2023-05-09-20-31-28-250x240.jpg\" alt=\"PHOTO-2023-05-09-20-31-28\" width=\"250\" height=\"240\" \/><span class=\"su-custom-gallery-title\">PHOTO-2023-05-09-20-31-28<\/span><\/a><\/div><div class=\"su-custom-gallery-slide\"><a href=\"https:\/\/cnj.cl\/colegio\/wp-content\/uploads\/2023\/05\/PHOTO-2023-05-09-20-31-29-2.jpg\" title=\"PHOTO-2023-05-09-20-31-29 2\"><img loading=\"lazy\" decoding=\"async\" src=\"https:\/\/cnj.cl\/colegio\/wp-content\/uploads\/2023\/05\/PHOTO-2023-05-09-20-31-29-2-250x240.jpg\" alt=\"PHOTO-2023-05-09-20-31-29 2\" width=\"250\" height=\"240\" \/><span class=\"su-custom-gallery-title\">PHOTO-2023-05-09-20-31-29 2<\/span><\/a><\/div><div class=\"su-custom-gallery-slide\"><a href=\"https:\/\/cnj.cl\/colegio\/wp-content\/uploads\/2023\/05\/PHOTO-2023-05-09-20-31-29.jpg\" title=\"PHOTO-2023-05-09-20-31-29\"><img loading=\"lazy\" decoding=\"async\" src=\"https:\/\/cnj.cl\/colegio\/wp-content\/uploads\/2023\/05\/PHOTO-2023-05-09-20-31-29-250x240.jpg\" alt=\"PHOTO-2023-05-09-20-31-29\" width=\"250\" height=\"240\" \/><span class=\"su-custom-gallery-title\">PHOTO-2023-05-09-20-31-29<\/span><\/a><\/div><div class=\"su-custom-gallery-slide\"><a href=\"https:\/\/cnj.cl\/colegio\/wp-content\/uploads\/2023\/05\/PHOTO-2023-05-09-20-31-30-2.jpg\" title=\"PHOTO-2023-05-09-20-31-30 2\"><img loading=\"lazy\" decoding=\"async\" src=\"https:\/\/cnj.cl\/colegio\/wp-content\/uploads\/2023\/05\/PHOTO-2023-05-09-20-31-30-2-250x240.jpg\" alt=\"PHOTO-2023-05-09-20-31-30 2\" width=\"250\" height=\"240\" \/><span class=\"su-custom-gallery-title\">PHOTO-2023-05-09-20-31-30 2<\/span><\/a><\/div><div class=\"su-custom-gallery-slide\"><a href=\"https:\/\/cnj.cl\/colegio\/wp-content\/uploads\/2023\/05\/PHOTO-2023-05-09-20-31-30.jpg\" title=\"PHOTO-2023-05-09-20-31-30\"><img loading=\"lazy\" decoding=\"async\" src=\"https:\/\/cnj.cl\/colegio\/wp-content\/uploads\/2023\/05\/PHOTO-2023-05-09-20-31-30-250x240.jpg\" alt=\"PHOTO-2023-05-09-20-31-30\" width=\"250\" height=\"240\" \/><span class=\"su-custom-gallery-title\">PHOTO-2023-05-09-20-31-30<\/span><\/a><\/div><div class=\"su-custom-gallery-slide\"><a href=\"https:\/\/cnj.cl\/colegio\/wp-content\/uploads\/2023\/05\/PHOTO-2023-05-09-20-31-31-2.jpg\" title=\"PHOTO-2023-05-09-20-31-31 2\"><img loading=\"lazy\" decoding=\"async\" src=\"https:\/\/cnj.cl\/colegio\/wp-content\/uploads\/2023\/05\/PHOTO-2023-05-09-20-31-31-2-250x240.jpg\" alt=\"PHOTO-2023-05-09-20-31-31 2\" width=\"250\" height=\"240\" \/><span class=\"su-custom-gallery-title\">PHOTO-2023-05-09-20-31-31 2<\/span><\/a><\/div><div class=\"su-custom-gallery-slide\"><a href=\"https:\/\/cnj.cl\/colegio\/wp-content\/uploads\/2023\/05\/PHOTO-2023-05-09-20-31-31.jpg\" title=\"PHOTO-2023-05-09-20-31-31\"><img loading=\"lazy\" decoding=\"async\" src=\"https:\/\/cnj.cl\/colegio\/wp-content\/uploads\/2023\/05\/PHOTO-2023-05-09-20-31-31-250x240.jpg\" alt=\"PHOTO-2023-05-09-20-31-31\" width=\"250\" height=\"240\" \/><span class=\"su-custom-gallery-title\">PHOTO-2023-05-09-20-31-31<\/span><\/a><\/div><div class=\"su-custom-gallery-slide\"><a href=\"https:\/\/cnj.cl\/colegio\/wp-content\/uploads\/2023\/05\/PHOTO-2023-05-09-20-31-32.jpg\" title=\"PHOTO-2023-05-09-20-31-32\"><img loading=\"lazy\" decoding=\"async\" src=\"https:\/\/cnj.cl\/colegio\/wp-content\/uploads\/2023\/05\/PHOTO-2023-05-09-20-31-32-250x240.jpg\" alt=\"PHOTO-2023-05-09-20-31-32\" width=\"250\" height=\"240\" \/><span class=\"su-custom-gallery-title\">PHOTO-2023-05-09-20-31-32<\/span><\/a><\/div><div class=\"su-custom-gallery-slide\"><a href=\"https:\/\/cnj.cl\/colegio\/wp-content\/uploads\/2023\/05\/PHOTO-2023-05-09-20-32-36.jpg\" title=\"PHOTO-2023-05-09-20-32-36\"><img loading=\"lazy\" decoding=\"async\" src=\"https:\/\/cnj.cl\/colegio\/wp-content\/uploads\/2023\/05\/PHOTO-2023-05-09-20-32-36-250x240.jpg\" alt=\"PHOTO-2023-05-09-20-32-36\" width=\"250\" height=\"240\" \/><span class=\"su-custom-gallery-title\">PHOTO-2023-05-09-20-32-36<\/span><\/a><\/div><div class=\"su-custom-gallery-slide\"><a href=\"https:\/\/cnj.cl\/colegio\/wp-content\/uploads\/2023\/05\/PHOTO-2023-05-09-20-32-38-2.jpg\" title=\"PHOTO-2023-05-09-20-32-38 2\"><img loading=\"lazy\" decoding=\"async\" src=\"https:\/\/cnj.cl\/colegio\/wp-content\/uploads\/2023\/05\/PHOTO-2023-05-09-20-32-38-2-250x240.jpg\" alt=\"PHOTO-2023-05-09-20-32-38 2\" width=\"250\" height=\"240\" \/><span class=\"su-custom-gallery-title\">PHOTO-2023-05-09-20-32-38 2<\/span><\/a><\/div><div class=\"su-custom-gallery-slide\"><a href=\"https:\/\/cnj.cl\/colegio\/wp-content\/uploads\/2023\/05\/PHOTO-2023-05-09-20-32-38-3.jpg\" title=\"PHOTO-2023-05-09-20-32-38 3\"><img loading=\"lazy\" decoding=\"async\" src=\"https:\/\/cnj.cl\/colegio\/wp-content\/uploads\/2023\/05\/PHOTO-2023-05-09-20-32-38-3-250x240.jpg\" alt=\"PHOTO-2023-05-09-20-32-38 3\" width=\"250\" height=\"240\" \/><span class=\"su-custom-gallery-title\">PHOTO-2023-05-09-20-32-38 3<\/span><\/a><\/div><div class=\"su-custom-gallery-slide\"><a href=\"https:\/\/cnj.cl\/colegio\/wp-content\/uploads\/2023\/05\/PHOTO-2023-05-09-20-32-38.jpg\" title=\"PHOTO-2023-05-09-20-32-38\"><img loading=\"lazy\" decoding=\"async\" src=\"https:\/\/cnj.cl\/colegio\/wp-content\/uploads\/2023\/05\/PHOTO-2023-05-09-20-32-38-250x240.jpg\" alt=\"PHOTO-2023-05-09-20-32-38\" width=\"250\" height=\"240\" \/><span class=\"su-custom-gallery-title\">PHOTO-2023-05-09-20-32-38<\/span><\/a><\/div><div class=\"su-custom-gallery-slide\"><a href=\"https:\/\/cnj.cl\/colegio\/wp-content\/uploads\/2023\/05\/PHOTO-2023-05-09-20-32-39-2.jpg\" title=\"PHOTO-2023-05-09-20-32-39 2\"><img loading=\"lazy\" decoding=\"async\" src=\"https:\/\/cnj.cl\/colegio\/wp-content\/uploads\/2023\/05\/PHOTO-2023-05-09-20-32-39-2-250x240.jpg\" alt=\"PHOTO-2023-05-09-20-32-39 2\" width=\"250\" height=\"240\" \/><span class=\"su-custom-gallery-title\">PHOTO-2023-05-09-20-32-39 2<\/span><\/a><\/div><div class=\"su-custom-gallery-slide\"><a href=\"https:\/\/cnj.cl\/colegio\/wp-content\/uploads\/2023\/05\/PHOTO-2023-05-09-20-32-39.jpg\" title=\"PHOTO-2023-05-09-20-32-39\"><img loading=\"lazy\" decoding=\"async\" src=\"https:\/\/cnj.cl\/colegio\/wp-content\/uploads\/2023\/05\/PHOTO-2023-05-09-20-32-39-250x240.jpg\" alt=\"PHOTO-2023-05-09-20-32-39\" width=\"250\" height=\"240\" \/><span class=\"su-custom-gallery-title\">PHOTO-2023-05-09-20-32-39<\/span><\/a><\/div><div class=\"su-custom-gallery-slide\"><a href=\"https:\/\/cnj.cl\/colegio\/wp-content\/uploads\/2023\/05\/PHOTO-2023-05-09-20-32-40.jpg\" title=\"PHOTO-2023-05-09-20-32-40\"><img loading=\"lazy\" decoding=\"async\" src=\"https:\/\/cnj.cl\/colegio\/wp-content\/uploads\/2023\/05\/PHOTO-2023-05-09-20-32-40-250x240.jpg\" alt=\"PHOTO-2023-05-09-20-32-40\" width=\"250\" height=\"240\" \/><span class=\"su-custom-gallery-title\">PHOTO-2023-05-09-20-32-40<\/span><\/a><\/div><div class=\"su-clear\"><\/div><\/div>\n","protected":false},"excerpt":{"rendered":"<p>El d\u00eda martes 09 de mayo en el colegio Kingston College, se realiz\u00f3 la Asamblea mensual de la\u00a0 Federaci\u00f3n de Instituciones de Educaci\u00f3n Particular, FIDE Regional B\u00cdO B\u00cdO.\u00a0 En esta ocasi\u00f3n, la Asamblea cont\u00f3 con la presencia de algunos integrantes de la Directiva Nacional de la FIDE, quienes viajaron desde Santiago, para sostener un di\u00e1logo con todos los asociados. Los temas abordados en la asamblea fueron los siguientes: Situaci\u00f3n Actual de FIDE Nacional y sus lineamientos fundamentales de trabajo. Ley de las 40 hrs. y la Ley TEA. Adem\u00e1s de la asamblea, ambos directorios, es decir el Nacional y el Regional, sostuvieron reuniones con autoridades eclesi\u00e1sticas y del \u00e1mbito educacional.\u00a0 Fue as\u00ed como la reuni\u00f3n con los representantes del arzobispado, tuvo como objetivo conversar sobre la labor que desarrolla la federaci\u00f3n en Chile y la estrecha relaci\u00f3n de cooperaci\u00f3n y trabajo que existe con la Iglesia Cat\u00f3lica. Por otra parte, en la reuni\u00f3n con la Seremi de Educaci\u00f3n y el Jefe Provincial de Educaci\u00f3n, se abordaron temas como el trabajo colaborativo y en red que viene realizando FIDE con el MINEDUC, la recuperaci\u00f3n de aprendizajes, Red Nacional de tutores educacionales y los lineamientos de trabajo del Ministerio de Educaci\u00f3n. Cabe&#8230;.<\/p>\n","protected":false},"author":1,"featured_media":7044,"comment_status":"closed","ping_status":"closed","sticky":false,"template":"","format":"standard","meta":{"footnotes":"","_links_to":"","_links_to_target":""},"categories":[41,33],"tags":[],"class_list":["post-7042","post","type-post","status-publish","format-standard","has-post-thumbnail","hentry","category-destacado","category-noticias"],"_links":{"self":[{"href":"https:\/\/cnj.cl\/colegio\/wp-json\/wp\/v2\/posts\/7042","targetHints":{"allow":["GET"]}}],"collection":[{"href":"https:\/\/cnj.cl\/colegio\/wp-json\/wp\/v2\/posts"}],"about":[{"href":"https:\/\/cnj.cl\/colegio\/wp-json\/wp\/v2\/types\/post"}],"author":[{"embeddable":true,"href":"https:\/\/cnj.cl\/colegio\/wp-json\/wp\/v2\/users\/1"}],"replies":[{"embeddable":true,"href":"https:\/\/cnj.cl\/colegio\/wp-json\/wp\/v2\/comments?post=7042"}],"version-history":[{"count":1,"href":"https:\/\/cnj.cl\/colegio\/wp-json\/wp\/v2\/posts\/7042\/revisions"}],"predecessor-version":[{"id":7060,"href":"https:\/\/cnj.cl\/colegio\/wp-json\/wp\/v2\/posts\/7042\/revisions\/7060"}],"wp:featuredmedia":[{"embeddable":true,"href":"https:\/\/cnj.cl\/colegio\/wp-json\/wp\/v2\/media\/7044"}],"wp:attachment":[{"href":"https:\/\/cnj.cl\/colegio\/wp-json\/wp\/v2\/media?parent=7042"}],"wp:term":[{"taxonomy":"category","embeddable":true,"href":"https:\/\/cnj.cl\/colegio\/wp-json\/wp\/v2\/categories?post=7042"},{"taxonomy":"post_tag","embeddable":true,"href":"https:\/\/cnj.cl\/colegio\/wp-json\/wp\/v2\/tags?post=7042"}],"curies":[{"name":"wp","href":"https:\/\/api.w.org\/{rel}","templated":true}]}}