{"id":7061,"date":"2023-05-11T00:19:11","date_gmt":"2023-05-11T00:19:11","guid":{"rendered":"https:\/\/cnj.cl\/colegio\/?p=7061"},"modified":"2023-05-11T00:19:11","modified_gmt":"2023-05-11T00:19:11","slug":"saludo-del-director-en-el-dia-del-estudiante","status":"publish","type":"post","link":"https:\/\/cnj.cl\/colegio\/2023\/05\/11\/saludo-del-director-en-el-dia-del-estudiante\/","title":{"rendered":"SALUDO DEL DIRECTOR EN EL D\u00cdA DEL ESTUDIANTE"},"content":{"rendered":"<p style=\"text-align: right;\"><strong><em>\u201cEl Se\u00f1or me llama, mis hermanos me necesitan\u201d. Ana Mar\u00eda Martel<\/em><\/strong><strong><em>.<\/em><\/strong><\/p>\n<p style=\"text-align: justify;\">Queridos estudiantes del colegio Ni\u00f1o Jes\u00fas:<\/p>\n<p style=\"text-align: justify;\">\u00a0\u00a0\u00a0\u00a0\u00a0\u00a0\u00a0\u00a0 \u00a1Reciba cada uno de ustedes un cari\u00f1oso saludo en este d\u00eda especial! Escribo en nombre de todos quienes componemos la comunidad educativa, para desearles que tengan un hermoso d\u00eda en compa\u00f1\u00eda de sus profesores, asistentes de la educaci\u00f3n, padres y apoderados.<\/p>\n<p style=\"text-align: justify;\">\u00a0\u00a0\u00a0\u00a0\u00a0\u00a0\u00a0\u00a0 Los invito a vivir la etapa escolar en la que se encuentran, con mucha esperanza y un coraz\u00f3n atento a las necesidades de nuestro pr\u00f3jimo. No perdamos la gentileza, solidaridad y las ganas de amar y servir que nos caracteriza. Es importante tambi\u00e9n, vivir el valor del respeto y el buen trato entre cada compa\u00f1ero y entre todos los que somos parte de la gran Familia del Ni\u00f1o Jes\u00fas.<\/p>\n<p style=\"text-align: justify;\">\u00a0\u00a0\u00a0\u00a0\u00a0\u00a0\u00a0\u00a0 Siempre es tiempo para enmendar el rumbo para aprender a ser mejores personas, inteligentes, bondadosos y respetuosos del mundo en el que vivimos. Yo s\u00e9 que algunos compa\u00f1eros no lo han pasado bien este a\u00f1o por diversos motivos, es por eso que les pido que seamos capaces de acoger y acompa\u00f1ar en cada curso a aquel compa\u00f1ero y compa\u00f1era que tal vez, se siente solo, sin esperanzas, o tiene una pena en el coraz\u00f3n. Alegr\u00e9monos tambi\u00e9n con los que est\u00e1n felices, con aquellos que han recibido una buena noticia y vivamos las Bienaventuranzas del Se\u00f1or, tratando de ser una bendici\u00f3n para aquella persona que Dios ponga en nuestro camino.<\/p>\n<p style=\"text-align: justify;\">\u00a0\u00a0\u00a0\u00a0\u00a0\u00a0\u00a0\u00a0 Un saludo especial para nuestros compa\u00f1eros que este a\u00f1o egresan del colegio. Los animamos a seguir adelante, por el camino de la paz y la sabidur\u00eda, para que \u00a0puedan ser personas capaces de <strong><em>\u201cservir ma\u00f1ana en la vida, al hogar, a la patria y a Dios\u201d.<\/em><\/strong><\/p>\n<p style=\"text-align: center;\">\u00a1Feliz d\u00eda del estudiante!<\/p>\n<p style=\"text-align: center;\">Muy afectuosamente:<\/p>\n<p style=\"text-align: center;\"><em><strong>\u00d3scar B\u00f3rquez L.<\/strong><\/em><\/p>\n<p style=\"text-align: center;\">Director Colegio Ni\u00f1o Jes\u00fas<\/p>\n","protected":false},"excerpt":{"rendered":"<p>\u201cEl Se\u00f1or me llama, mis hermanos me necesitan\u201d. Ana Mar\u00eda Martel. Queridos estudiantes del colegio Ni\u00f1o Jes\u00fas: \u00a0\u00a0\u00a0\u00a0\u00a0\u00a0\u00a0\u00a0 \u00a1Reciba cada uno de ustedes un cari\u00f1oso saludo en este d\u00eda especial! Escribo en nombre de todos quienes componemos la comunidad educativa, para desearles que tengan un hermoso d\u00eda en compa\u00f1\u00eda de sus profesores, asistentes de la educaci\u00f3n, padres y apoderados. \u00a0\u00a0\u00a0\u00a0\u00a0\u00a0\u00a0\u00a0 Los invito a vivir la etapa escolar en la que se encuentran, con mucha esperanza y un coraz\u00f3n atento a las necesidades de nuestro pr\u00f3jimo. No perdamos la gentileza, solidaridad y las ganas de amar y servir que nos caracteriza. Es importante tambi\u00e9n, vivir el valor del respeto y el buen trato entre cada compa\u00f1ero y entre todos los que somos parte de la gran Familia del Ni\u00f1o Jes\u00fas. \u00a0\u00a0\u00a0\u00a0\u00a0\u00a0\u00a0\u00a0 Siempre es tiempo para enmendar el rumbo para aprender a ser mejores personas, inteligentes, bondadosos y respetuosos del mundo en el que vivimos. Yo s\u00e9 que algunos compa\u00f1eros no lo han pasado bien este a\u00f1o por diversos motivos, es por eso que les pido que seamos capaces de acoger y acompa\u00f1ar en cada curso a aquel compa\u00f1ero y compa\u00f1era que tal vez, se siente solo, sin esperanzas, o tiene una&#8230;.<\/p>\n","protected":false},"author":1,"featured_media":7062,"comment_status":"closed","ping_status":"closed","sticky":false,"template":"","format":"standard","meta":{"footnotes":"","_links_to":"","_links_to_target":""},"categories":[41,33],"tags":[],"class_list":["post-7061","post","type-post","status-publish","format-standard","has-post-thumbnail","hentry","category-destacado","category-noticias"],"_links":{"self":[{"href":"https:\/\/cnj.cl\/colegio\/wp-json\/wp\/v2\/posts\/7061","targetHints":{"allow":["GET"]}}],"collection":[{"href":"https:\/\/cnj.cl\/colegio\/wp-json\/wp\/v2\/posts"}],"about":[{"href":"https:\/\/cnj.cl\/colegio\/wp-json\/wp\/v2\/types\/post"}],"author":[{"embeddable":true,"href":"https:\/\/cnj.cl\/colegio\/wp-json\/wp\/v2\/users\/1"}],"replies":[{"embeddable":true,"href":"https:\/\/cnj.cl\/colegio\/wp-json\/wp\/v2\/comments?post=7061"}],"version-history":[{"count":1,"href":"https:\/\/cnj.cl\/colegio\/wp-json\/wp\/v2\/posts\/7061\/revisions"}],"predecessor-version":[{"id":7063,"href":"https:\/\/cnj.cl\/colegio\/wp-json\/wp\/v2\/posts\/7061\/revisions\/7063"}],"wp:featuredmedia":[{"embeddable":true,"href":"https:\/\/cnj.cl\/colegio\/wp-json\/wp\/v2\/media\/7062"}],"wp:attachment":[{"href":"https:\/\/cnj.cl\/colegio\/wp-json\/wp\/v2\/media?parent=7061"}],"wp:term":[{"taxonomy":"category","embeddable":true,"href":"https:\/\/cnj.cl\/colegio\/wp-json\/wp\/v2\/categories?post=7061"},{"taxonomy":"post_tag","embeddable":true,"href":"https:\/\/cnj.cl\/colegio\/wp-json\/wp\/v2\/tags?post=7061"}],"curies":[{"name":"wp","href":"https:\/\/api.w.org\/{rel}","templated":true}]}}