{"id":7911,"date":"2023-07-18T18:47:47","date_gmt":"2023-07-18T18:47:47","guid":{"rendered":"https:\/\/cnj.cl\/colegio\/?p=7911"},"modified":"2023-07-18T18:47:47","modified_gmt":"2023-07-18T18:47:47","slug":"ex-alumna-visita-nuestro-colegio","status":"publish","type":"post","link":"https:\/\/cnj.cl\/colegio\/2023\/07\/18\/ex-alumna-visita-nuestro-colegio\/","title":{"rendered":"EX ALUMNA VISITA NUESTRO COLEGIO"},"content":{"rendered":"<p style=\"text-align: justify;\">Con mucha alegr\u00eda la comunidad educativa del Colegio Ni\u00f1o Jes\u00fas, recibi\u00f3 la visita de nuestra ex alumna Alison Mu\u00f1oz Astudillo, actual grumete naval, de la \u201cEscuela de Grumetes Alejandro Navarrete Cisternas\u201d, en la Isla Quiriquina (Talcahuano).<\/p>\n<p style=\"text-align: justify;\">En la visita a nuestro colegio, la grumete Mu\u00f1oz pudo recorrer las instalaciones del establecimiento, saludar a docentes y asistentes de la educaci\u00f3n, como as\u00ed tambi\u00e9n entrevistarse con el director del colegio, Sr. \u00d3scar B\u00f3rquez L\u00f3pez.<\/p>\n<p style=\"text-align: justify;\">Agradecemos la hermosa visita de nuestra ex alumna y le pedimos al Se\u00f1or que, por intermedio de Ana Mar\u00eda Martel, la bendiga abundantemente, en la hermosa vocaci\u00f3n que ha abrazado para su vida.<\/p>\n<p style=\"text-align: justify;\">\u00a1Un gran abrazo Alison! Y recuerda siempre \u201cServir en la vida, al hogar, la patria y a Dios\u201d.<\/p>\n<div class=\"su-custom-gallery su-custom-gallery-title-never su-lightbox-gallery\"><div class=\"su-custom-gallery-slide\"><a href=\"https:\/\/cnj.cl\/colegio\/wp-content\/uploads\/2023\/07\/PHOTO-2023-07-18-14-16-26-2.jpg\" title=\"PHOTO-2023-07-18-14-16-26 2\"><img loading=\"lazy\" decoding=\"async\" src=\"https:\/\/cnj.cl\/colegio\/wp-content\/uploads\/2023\/07\/PHOTO-2023-07-18-14-16-26-2-250x240.jpg\" alt=\"PHOTO-2023-07-18-14-16-26 2\" width=\"250\" height=\"240\" \/><span class=\"su-custom-gallery-title\">PHOTO-2023-07-18-14-16-26 2<\/span><\/a><\/div><div class=\"su-custom-gallery-slide\"><a href=\"https:\/\/cnj.cl\/colegio\/wp-content\/uploads\/2023\/07\/PHOTO-2023-07-18-14-16-26.jpg\" title=\"PHOTO-2023-07-18-14-16-26\"><img loading=\"lazy\" decoding=\"async\" src=\"https:\/\/cnj.cl\/colegio\/wp-content\/uploads\/2023\/07\/PHOTO-2023-07-18-14-16-26-250x240.jpg\" alt=\"PHOTO-2023-07-18-14-16-26\" width=\"250\" height=\"240\" \/><span class=\"su-custom-gallery-title\">PHOTO-2023-07-18-14-16-26<\/span><\/a><\/div><div class=\"su-custom-gallery-slide\"><a href=\"https:\/\/cnj.cl\/colegio\/wp-content\/uploads\/2023\/07\/PHOTO-2023-07-18-14-16-27.jpg\" title=\"PHOTO-2023-07-18-14-16-27\"><img loading=\"lazy\" decoding=\"async\" src=\"https:\/\/cnj.cl\/colegio\/wp-content\/uploads\/2023\/07\/PHOTO-2023-07-18-14-16-27-250x240.jpg\" alt=\"PHOTO-2023-07-18-14-16-27\" width=\"250\" height=\"240\" \/><span class=\"su-custom-gallery-title\">PHOTO-2023-07-18-14-16-27<\/span><\/a><\/div><div class=\"su-custom-gallery-slide\"><a href=\"https:\/\/cnj.cl\/colegio\/wp-content\/uploads\/2023\/07\/PHOTO-2023-07-18-14-16-28.jpg\" title=\"PHOTO-2023-07-18-14-16-28\"><img loading=\"lazy\" decoding=\"async\" src=\"https:\/\/cnj.cl\/colegio\/wp-content\/uploads\/2023\/07\/PHOTO-2023-07-18-14-16-28-250x240.jpg\" alt=\"PHOTO-2023-07-18-14-16-28\" width=\"250\" height=\"240\" \/><span class=\"su-custom-gallery-title\">PHOTO-2023-07-18-14-16-28<\/span><\/a><\/div><div class=\"su-clear\"><\/div><\/div>\n","protected":false},"excerpt":{"rendered":"<p>Con mucha alegr\u00eda la comunidad educativa del Colegio Ni\u00f1o Jes\u00fas, recibi\u00f3 la visita de nuestra ex alumna Alison Mu\u00f1oz Astudillo, actual grumete naval, de la \u201cEscuela de Grumetes Alejandro Navarrete Cisternas\u201d, en la Isla Quiriquina (Talcahuano). En la visita a nuestro colegio, la grumete Mu\u00f1oz pudo recorrer las instalaciones del establecimiento, saludar a docentes y asistentes de la educaci\u00f3n, como as\u00ed tambi\u00e9n entrevistarse con el director del colegio, Sr. \u00d3scar B\u00f3rquez L\u00f3pez. Agradecemos la hermosa visita de nuestra ex alumna y le pedimos al Se\u00f1or que, por intermedio de Ana Mar\u00eda Martel, la bendiga abundantemente, en la hermosa vocaci\u00f3n que ha abrazado para su vida. \u00a1Un gran abrazo Alison! Y recuerda siempre \u201cServir en la vida, al hogar, la patria y a Dios\u201d.<\/p>\n","protected":false},"author":1,"featured_media":7913,"comment_status":"closed","ping_status":"closed","sticky":false,"template":"","format":"standard","meta":{"footnotes":"","_links_to":"","_links_to_target":""},"categories":[41,33],"tags":[],"class_list":["post-7911","post","type-post","status-publish","format-standard","has-post-thumbnail","hentry","category-destacado","category-noticias"],"_links":{"self":[{"href":"https:\/\/cnj.cl\/colegio\/wp-json\/wp\/v2\/posts\/7911","targetHints":{"allow":["GET"]}}],"collection":[{"href":"https:\/\/cnj.cl\/colegio\/wp-json\/wp\/v2\/posts"}],"about":[{"href":"https:\/\/cnj.cl\/colegio\/wp-json\/wp\/v2\/types\/post"}],"author":[{"embeddable":true,"href":"https:\/\/cnj.cl\/colegio\/wp-json\/wp\/v2\/users\/1"}],"replies":[{"embeddable":true,"href":"https:\/\/cnj.cl\/colegio\/wp-json\/wp\/v2\/comments?post=7911"}],"version-history":[{"count":1,"href":"https:\/\/cnj.cl\/colegio\/wp-json\/wp\/v2\/posts\/7911\/revisions"}],"predecessor-version":[{"id":7916,"href":"https:\/\/cnj.cl\/colegio\/wp-json\/wp\/v2\/posts\/7911\/revisions\/7916"}],"wp:featuredmedia":[{"embeddable":true,"href":"https:\/\/cnj.cl\/colegio\/wp-json\/wp\/v2\/media\/7913"}],"wp:attachment":[{"href":"https:\/\/cnj.cl\/colegio\/wp-json\/wp\/v2\/media?parent=7911"}],"wp:term":[{"taxonomy":"category","embeddable":true,"href":"https:\/\/cnj.cl\/colegio\/wp-json\/wp\/v2\/categories?post=7911"},{"taxonomy":"post_tag","embeddable":true,"href":"https:\/\/cnj.cl\/colegio\/wp-json\/wp\/v2\/tags?post=7911"}],"curies":[{"name":"wp","href":"https:\/\/api.w.org\/{rel}","templated":true}]}}