{"id":8094,"date":"2023-08-10T15:53:01","date_gmt":"2023-08-10T15:53:01","guid":{"rendered":"https:\/\/cnj.cl\/colegio\/?p=8094"},"modified":"2023-08-10T15:53:01","modified_gmt":"2023-08-10T15:53:01","slug":"celebremos-el-natalicio-no-379-ana-maria-martel-fundadora-congregacion-hermanas-del-nino-jesus-y-los-105-anos-de-vida-del-colegio-nino-jesus-de-lota","status":"publish","type":"post","link":"https:\/\/cnj.cl\/colegio\/2023\/08\/10\/celebremos-el-natalicio-no-379-ana-maria-martel-fundadora-congregacion-hermanas-del-nino-jesus-y-los-105-anos-de-vida-del-colegio-nino-jesus-de-lota\/","title":{"rendered":"CELEBREMOS EL NATALICIO N\u00ba 379 ANA MAR\u00cdA MARTEL, FUNDADORA CONGREGACI\u00d3N HERMANAS DEL NI\u00d1O JES\u00daS Y LOS 105 A\u00d1OS DE VIDA DEL COLEGIO NI\u00d1O JES\u00daS DE LOTA."},"content":{"rendered":"<p style=\"text-align: justify;\">Con alegr\u00eda nos unimos a la fiesta de la Congregaci\u00f3n Hermanas del Ni\u00f1o Jes\u00fas, con quienes celebramos un nuevo natalicio de nuestra Fundadora. De la misma manera, saludamos a toda la Comunidad del Colegio Ni\u00f1o Jes\u00fas de Lota, en sus 105 a\u00f1os de vida, al servicio de la fe y la educaci\u00f3n. Invitamos a toda la comunidad educativa, a nuestros ex alumnos\/as y a todos los que de alguna manera se sienten unidos a nosotros, es decir, a la familia del Ni\u00f1o Jes\u00fas, a expresar un saludo en nuestro aniversario.<\/p>\n<p style=\"text-align: justify;\">Que el Se\u00f1or Jes\u00fas, por intermedio de Ana Mar\u00eda Martel, bendiga la misi\u00f3n evangelizadora y educativa de muestras hermanas, como as\u00ed tambi\u00e9n, la vida de nuestros estudiantes, sus familias, personal del colegio y la de todos los hombres y mujeres de buena voluntad, que han acogido en sus vidas el amor de Dios, a trav\u00e9s del legado que nos dej\u00f3 nuestra fundadora.<\/p>\n<div class=\"su-custom-gallery su-custom-gallery-title-never su-lightbox-gallery\"><div class=\"su-custom-gallery-slide\"><a href=\"https:\/\/cnj.cl\/colegio\/wp-content\/uploads\/2023\/08\/0-COLEGIO-105-ANOS.jpg\" title=\"0 COLEGIO 105 A\u00d1OS\"><img loading=\"lazy\" decoding=\"async\" src=\"https:\/\/cnj.cl\/colegio\/wp-content\/uploads\/2023\/08\/0-COLEGIO-105-ANOS-250x240.jpg\" alt=\"0 COLEGIO 105 A\u00d1OS\" width=\"250\" height=\"240\" \/><span class=\"su-custom-gallery-title\">0 COLEGIO 105 A\u00d1OS<\/span><\/a><\/div><div class=\"su-custom-gallery-slide\"><a href=\"https:\/\/cnj.cl\/colegio\/wp-content\/uploads\/2023\/08\/1-FOTO-AMM-1.jpg\" title=\"1 FOTO AMM 1\"><img loading=\"lazy\" decoding=\"async\" src=\"https:\/\/cnj.cl\/colegio\/wp-content\/uploads\/2023\/08\/1-FOTO-AMM-1-250x240.jpg\" alt=\"1 FOTO AMM 1\" width=\"250\" height=\"240\" \/><span class=\"su-custom-gallery-title\">1 FOTO AMM 1<\/span><\/a><\/div><div class=\"su-custom-gallery-slide\"><a href=\"https:\/\/cnj.cl\/colegio\/wp-content\/uploads\/2023\/08\/capilla-cnj.jpg\" title=\"capilla cnj\"><img loading=\"lazy\" decoding=\"async\" src=\"https:\/\/cnj.cl\/colegio\/wp-content\/uploads\/2023\/08\/capilla-cnj-250x240.jpg\" alt=\"capilla cnj\" width=\"250\" height=\"240\" \/><span class=\"su-custom-gallery-title\">capilla cnj<\/span><\/a><\/div><div class=\"su-custom-gallery-slide\"><a href=\"https:\/\/cnj.cl\/colegio\/wp-content\/uploads\/2023\/08\/CENTRO-DE-ESTUDIANTES.jpg\" title=\"CENTRO DE ESTUDIANTES\"><img loading=\"lazy\" decoding=\"async\" src=\"https:\/\/cnj.cl\/colegio\/wp-content\/uploads\/2023\/08\/CENTRO-DE-ESTUDIANTES-250x240.jpg\" alt=\"CENTRO DE ESTUDIANTES\" width=\"250\" height=\"240\" \/><span class=\"su-custom-gallery-title\">CENTRO DE ESTUDIANTES<\/span><\/a><\/div><div class=\"su-custom-gallery-slide\"><a href=\"https:\/\/cnj.cl\/colegio\/wp-content\/uploads\/2023\/08\/CIRIO.jpg\" title=\"CIRIO\"><img loading=\"lazy\" decoding=\"async\" src=\"https:\/\/cnj.cl\/colegio\/wp-content\/uploads\/2023\/08\/CIRIO-250x240.jpg\" alt=\"CIRIO\" width=\"250\" height=\"240\" \/><span class=\"su-custom-gallery-title\">CIRIO<\/span><\/a><\/div><div class=\"su-custom-gallery-slide\"><a href=\"https:\/\/cnj.cl\/colegio\/wp-content\/uploads\/2023\/08\/CRUZ-DE-MAYO.jpg\" title=\"CRUZ DE MAYO\"><img loading=\"lazy\" decoding=\"async\" src=\"https:\/\/cnj.cl\/colegio\/wp-content\/uploads\/2023\/08\/CRUZ-DE-MAYO-250x240.jpg\" alt=\"CRUZ DE MAYO\" width=\"250\" height=\"240\" \/><span class=\"su-custom-gallery-title\">CRUZ DE MAYO<\/span><\/a><\/div><div class=\"su-custom-gallery-slide\"><a href=\"https:\/\/cnj.cl\/colegio\/wp-content\/uploads\/2023\/08\/ESTANDARTE.jpg\" title=\"ESTANDARTE\"><img loading=\"lazy\" decoding=\"async\" src=\"https:\/\/cnj.cl\/colegio\/wp-content\/uploads\/2023\/08\/ESTANDARTE-250x240.jpg\" alt=\"ESTANDARTE\" width=\"250\" height=\"240\" \/><span class=\"su-custom-gallery-title\">ESTANDARTE<\/span><\/a><\/div><div class=\"su-custom-gallery-slide\"><a href=\"https:\/\/cnj.cl\/colegio\/wp-content\/uploads\/2023\/08\/HEMANAS.jpg\" title=\"HEMANAS\"><img loading=\"lazy\" decoding=\"async\" src=\"https:\/\/cnj.cl\/colegio\/wp-content\/uploads\/2023\/08\/HEMANAS-250x240.jpg\" alt=\"HEMANAS\" width=\"250\" height=\"240\" \/><span class=\"su-custom-gallery-title\">HEMANAS<\/span><\/a><\/div><div class=\"su-custom-gallery-slide\"><a href=\"https:\/\/cnj.cl\/colegio\/wp-content\/uploads\/2023\/08\/JAMM-2.jpg\" title=\"JAMM 2\"><img loading=\"lazy\" decoding=\"async\" src=\"https:\/\/cnj.cl\/colegio\/wp-content\/uploads\/2023\/08\/JAMM-2-250x240.jpg\" alt=\"JAMM 2\" width=\"250\" height=\"240\" \/><span class=\"su-custom-gallery-title\">JAMM 2<\/span><\/a><\/div><div class=\"su-custom-gallery-slide\"><a href=\"https:\/\/cnj.cl\/colegio\/wp-content\/uploads\/2023\/08\/JAMM.jpg\" title=\"JAMM\"><img loading=\"lazy\" decoding=\"async\" src=\"https:\/\/cnj.cl\/colegio\/wp-content\/uploads\/2023\/08\/JAMM-250x240.jpg\" alt=\"JAMM\" width=\"250\" height=\"240\" \/><span class=\"su-custom-gallery-title\">JAMM<\/span><\/a><\/div><div class=\"su-custom-gallery-slide\"><a href=\"https:\/\/cnj.cl\/colegio\/wp-content\/uploads\/2023\/08\/OFIC-DIRECC.jpg\" title=\"OFIC DIRECC\"><img loading=\"lazy\" decoding=\"async\" src=\"https:\/\/cnj.cl\/colegio\/wp-content\/uploads\/2023\/08\/OFIC-DIRECC-250x240.jpg\" alt=\"OFIC DIRECC\" width=\"250\" height=\"240\" \/><span class=\"su-custom-gallery-title\">OFIC DIRECC<\/span><\/a><\/div><div class=\"su-custom-gallery-slide\"><a href=\"https:\/\/cnj.cl\/colegio\/wp-content\/uploads\/2023\/08\/PROFE-PAY.jpg\" title=\"PROFE PAY\"><img loading=\"lazy\" decoding=\"async\" src=\"https:\/\/cnj.cl\/colegio\/wp-content\/uploads\/2023\/08\/PROFE-PAY-250x240.jpg\" alt=\"PROFE PAY\" width=\"250\" height=\"240\" \/><span class=\"su-custom-gallery-title\">PROFE PAY<\/span><\/a><\/div><div class=\"su-custom-gallery-slide\"><a href=\"https:\/\/cnj.cl\/colegio\/wp-content\/uploads\/2023\/08\/SOLIDARIDAD.jpg\" title=\"SOLIDARIDAD\"><img loading=\"lazy\" decoding=\"async\" src=\"https:\/\/cnj.cl\/colegio\/wp-content\/uploads\/2023\/08\/SOLIDARIDAD-250x240.jpg\" alt=\"SOLIDARIDAD\" width=\"250\" height=\"240\" \/><span class=\"su-custom-gallery-title\">SOLIDARIDAD<\/span><\/a><\/div><div class=\"su-clear\"><\/div><\/div>\n","protected":false},"excerpt":{"rendered":"<p>Con alegr\u00eda nos unimos a la fiesta de la Congregaci\u00f3n Hermanas del Ni\u00f1o Jes\u00fas, con quienes celebramos un nuevo natalicio de nuestra Fundadora. De la misma manera, saludamos a toda la Comunidad del Colegio Ni\u00f1o Jes\u00fas de Lota, en sus 105 a\u00f1os de vida, al servicio de la fe y la educaci\u00f3n. Invitamos a toda la comunidad educativa, a nuestros ex alumnos\/as y a todos los que de alguna manera se sienten unidos a nosotros, es decir, a la familia del Ni\u00f1o Jes\u00fas, a expresar un saludo en nuestro aniversario. Que el Se\u00f1or Jes\u00fas, por intermedio de Ana Mar\u00eda Martel, bendiga la misi\u00f3n evangelizadora y educativa de muestras hermanas, como as\u00ed tambi\u00e9n, la vida de nuestros estudiantes, sus familias, personal del colegio y la de todos los hombres y mujeres de buena voluntad, que han acogido en sus vidas el amor de Dios, a trav\u00e9s del legado que nos dej\u00f3 nuestra fundadora.<\/p>\n","protected":false},"author":1,"featured_media":8106,"comment_status":"closed","ping_status":"closed","sticky":false,"template":"","format":"standard","meta":{"footnotes":"","_links_to":"","_links_to_target":""},"categories":[41,33],"tags":[],"class_list":["post-8094","post","type-post","status-publish","format-standard","has-post-thumbnail","hentry","category-destacado","category-noticias"],"_links":{"self":[{"href":"https:\/\/cnj.cl\/colegio\/wp-json\/wp\/v2\/posts\/8094","targetHints":{"allow":["GET"]}}],"collection":[{"href":"https:\/\/cnj.cl\/colegio\/wp-json\/wp\/v2\/posts"}],"about":[{"href":"https:\/\/cnj.cl\/colegio\/wp-json\/wp\/v2\/types\/post"}],"author":[{"embeddable":true,"href":"https:\/\/cnj.cl\/colegio\/wp-json\/wp\/v2\/users\/1"}],"replies":[{"embeddable":true,"href":"https:\/\/cnj.cl\/colegio\/wp-json\/wp\/v2\/comments?post=8094"}],"version-history":[{"count":1,"href":"https:\/\/cnj.cl\/colegio\/wp-json\/wp\/v2\/posts\/8094\/revisions"}],"predecessor-version":[{"id":8108,"href":"https:\/\/cnj.cl\/colegio\/wp-json\/wp\/v2\/posts\/8094\/revisions\/8108"}],"wp:featuredmedia":[{"embeddable":true,"href":"https:\/\/cnj.cl\/colegio\/wp-json\/wp\/v2\/media\/8106"}],"wp:attachment":[{"href":"https:\/\/cnj.cl\/colegio\/wp-json\/wp\/v2\/media?parent=8094"}],"wp:term":[{"taxonomy":"category","embeddable":true,"href":"https:\/\/cnj.cl\/colegio\/wp-json\/wp\/v2\/categories?post=8094"},{"taxonomy":"post_tag","embeddable":true,"href":"https:\/\/cnj.cl\/colegio\/wp-json\/wp\/v2\/tags?post=8094"}],"curies":[{"name":"wp","href":"https:\/\/api.w.org\/{rel}","templated":true}]}}