{"id":32185,"date":"2026-02-10T23:15:19","date_gmt":"2026-02-10T23:15:19","guid":{"rendered":"https:\/\/cnj.cl\/web\/?p=32185"},"modified":"2026-03-02T15:38:14","modified_gmt":"2026-03-02T15:38:14","slug":"bienvenidos-al-ano-escolar-2026","status":"publish","type":"post","link":"https:\/\/cnj.cl\/web\/bienvenidos-al-ano-escolar-2026\/","title":{"rendered":"\u00a1Bienvenidos\/as al A\u00f1o Escolar 2026!"},"content":{"rendered":"<div class=\"wpb-content-wrapper\"><p>[vc_row][vc_column][vc_column_text css=&#8221;&#8221;]<\/p>\n<p style=\"text-align: justify;\"><strong><img loading=\"lazy\" decoding=\"async\" class=\"alignleft size-medium wp-image-32186\" src=\"https:\/\/cnj.cl\/web\/wp-content\/uploads\/2026\/02\/dir-300x235.jpeg\" alt=\"\" width=\"300\" height=\"235\" srcset=\"https:\/\/cnj.cl\/web\/wp-content\/uploads\/2026\/02\/dir-300x235.jpeg 300w, https:\/\/cnj.cl\/web\/wp-content\/uploads\/2026\/02\/dir.jpeg 500w\" sizes=\"auto, (max-width: 300px) 100vw, 300px\" \/>Estimada Comunidad Educativa del Colegio Ni\u00f1o Jes\u00fas:<\/strong><\/p>\n<p style=\"text-align: justify;\">Al iniciar este nuevo a\u00f1o escolar 2026, les saludo con la alegr\u00eda y la esperanza de renovar nuestro compromiso con la misi\u00f3n de evangelizar y educar en nuestra querida comuna de Lota.<\/p>\n<p style=\"text-align: justify;\">Gestionar nuestro colegio, con su trayectoria centenaria que inici\u00f3 el 2 de febrero de 1918, es como <strong>mantener encendida una l\u00e1mpara en las minas de Lota<\/strong>: no solo iluminamos el camino del conocimiento, sino que buscamos animar el coraz\u00f3n con la fe, guiados por la luz del misterio de la Encarnaci\u00f3n.<\/p>\n<p style=\"text-align: justify;\">Quiero dar un <strong>saludo especialmente afectuoso a las nuevas familias<\/strong> que se integran este a\u00f1o a nuestro Proyecto Educativo Institucional (PEI). Les agradecemos profundamente la confianza depositada en nuestra instituci\u00f3n; al elegirnos, se hacen parte de este sue\u00f1o de la Congregaci\u00f3n de las Hermanas del Ni\u00f1o Jes\u00fas que busca promover el desarrollo integral de las capacidades afectivas, sociales, intelectuales y espirituales de sus hijos e hijas.<\/p>\n<p style=\"text-align: justify;\">Los invito a vivir este 2026 <strong>confiados en Jes\u00fas<\/strong>, abrazando con entusiasmo el carisma y la espiritualidad de nuestra congregaci\u00f3n, cuyo eje es <strong>&#8220;despertar y profundizar la fe&#8221;<\/strong>. Siguiendo las huellas de nuestra fundadora, Ana Mar\u00eda Martel, queremos ser una presencia de amor a Dios y a los hermanos, construyendo una comunidad fraterna donde cada estudiante sea el protagonista de su aprendizaje.<\/p>\n<p style=\"text-align: justify;\">Nuestro anhelo es ofrecerles una <strong>experiencia pedag\u00f3gica y formativa cautivadora<\/strong>, sustentada en nuestros sellos de <strong>espiritualidad, sentido de pertenencia y altas expectativas acad\u00e9micas<\/strong>. Trabajaremos arduamente para que este a\u00f1o rinda frutos no solo en lo intelectual, mediante una ense\u00f1anza motivadora y exigente, sino tambi\u00e9n en lo acad\u00e9mico y val\u00f3rico, formando personas competentes y profundamente humanas.<\/p>\n<p style=\"text-align: justify;\">Que los valores del amor, el respeto, la responsabilidad y la alegr\u00eda gu\u00eden cada una de nuestras acciones en el aula y en la convivencia diaria.<\/p>\n<p style=\"text-align: justify;\">Juntos, familias y educadores, continuaremos forjando el camino para que nuestros estudiantes puedan cumplir nuestra visi\u00f3n institucional: <strong>&#8220;servir ma\u00f1ana en la vida, al hogar, a la patria y a Dios&#8221;<\/strong>.<\/p>\n<p style=\"text-align: justify;\">Bienvenidos al a\u00f1o escolar 2026. Que la bendici\u00f3n del Ni\u00f1o Jes\u00fas, por intercesi\u00f3n de Ana Mar\u00eda Martel, acompa\u00f1e a cada uno de sus hogares.<\/p>\n<p style=\"text-align: justify;\">Fraternalmente,<\/p>\n<p style=\"text-align: justify;\"><em><strong>\u00d3scar B\u00f3rquez L\u00f3pez<\/strong><\/em><\/p>\n<p style=\"text-align: justify;\">Director Colegio Ni\u00f1o Jes\u00fas de Lota<\/p>\n<p>[\/vc_column_text][\/vc_column][\/vc_row]<\/p>\n<\/div>","protected":false},"excerpt":{"rendered":"<p>[vc_row][vc_column][vc_column_text css=&#8221;&#8221;] Estimada Comunidad Educativa del Colegio Ni\u00f1o Jes\u00fas: Al iniciar este nuevo a\u00f1o escolar 2026, les saludo con la<\/p>\n","protected":false},"author":1,"featured_media":32186,"comment_status":"closed","ping_status":"closed","sticky":false,"template":"","format":"standard","meta":{"footnotes":"","_links_to":"","_links_to_target":""},"categories":[43],"tags":[],"class_list":["post-32185","post","type-post","status-publish","format-standard","has-post-thumbnail","hentry","category-noticias"],"_links":{"self":[{"href":"https:\/\/cnj.cl\/web\/wp-json\/wp\/v2\/posts\/32185","targetHints":{"allow":["GET"]}}],"collection":[{"href":"https:\/\/cnj.cl\/web\/wp-json\/wp\/v2\/posts"}],"about":[{"href":"https:\/\/cnj.cl\/web\/wp-json\/wp\/v2\/types\/post"}],"author":[{"embeddable":true,"href":"https:\/\/cnj.cl\/web\/wp-json\/wp\/v2\/users\/1"}],"replies":[{"embeddable":true,"href":"https:\/\/cnj.cl\/web\/wp-json\/wp\/v2\/comments?post=32185"}],"version-history":[{"count":3,"href":"https:\/\/cnj.cl\/web\/wp-json\/wp\/v2\/posts\/32185\/revisions"}],"predecessor-version":[{"id":33169,"href":"https:\/\/cnj.cl\/web\/wp-json\/wp\/v2\/posts\/32185\/revisions\/33169"}],"wp:featuredmedia":[{"embeddable":true,"href":"https:\/\/cnj.cl\/web\/wp-json\/wp\/v2\/media\/32186"}],"wp:attachment":[{"href":"https:\/\/cnj.cl\/web\/wp-json\/wp\/v2\/media?parent=32185"}],"wp:term":[{"taxonomy":"category","embeddable":true,"href":"https:\/\/cnj.cl\/web\/wp-json\/wp\/v2\/categories?post=32185"},{"taxonomy":"post_tag","embeddable":true,"href":"https:\/\/cnj.cl\/web\/wp-json\/wp\/v2\/tags?post=32185"}],"curies":[{"name":"wp","href":"https:\/\/api.w.org\/{rel}","templated":true}]}}